{"id":12526,"date":"2020-10-13T21:26:09","date_gmt":"2020-10-14T03:26:09","guid":{"rendered":"https:\/\/informativoelvalledeaguascalientes.online\/?p=12526"},"modified":"2020-10-13T21:26:09","modified_gmt":"2020-10-14T03:26:09","slug":"jose-arellano-dejo-leon-con-dos-podios-en-la-copa-mercedes-benz","status":"publish","type":"post","link":"https:\/\/informativoelvalledeaguascalientes.online\/?p=12526","title":{"rendered":"Jos\u00e9 Arellano dej\u00f3 Le\u00f3n con dos podios en la Copa Mercedes-Benz"},"content":{"rendered":"<p style=\"font-weight: 400;\">Un nuevo fin de semana exitoso fue el que tuvo Jos\u00e9 Arellano en la categor\u00eda Pro2 de la <strong>Copa<\/strong>\u00a0<strong>Mercedes-Benz<\/strong>, concluyendo con doble podio en la cuarta fecha de la\u00a0<strong>S\u00faper Copa<\/strong>, que el pasado fin de semana visit\u00f3 la pista del Aut\u00f3dromo de Le\u00f3n, siendo el primer evento de automovilismo en presentar p\u00fablico en la llamada nueva normalidad.<\/p>\n<p style=\"font-weight: 400;\">\n<p style=\"font-weight: 400;\">Por segunda ocasi\u00f3n en el a\u00f1o, Jos\u00e9 Arellano se puso al mando del auto #29<strong>\u00a0BIG AUTO-Los Grandes en Refacciones<\/strong>\u00a0como parte de la cuarta fecha de la categor\u00eda Pro2 de la\u00a0<strong>Copa Mercedes-Benz<\/strong>, mostrando un ritmo importante desde las sesiones clasificatorias del d\u00eda s\u00e1bado 10 de octubre, en las que primero conseguir\u00eda un tiempo de 00:38.940, tercero general y primero de los Pro2. Para despu\u00e9s parar el cron\u00f3metro en 00:39.138 obteniendo el 5to puesto de la parrilla, nuevamente el mejor de su categor\u00eda.<\/p>\n<p style=\"font-weight: 400;\">\n<p style=\"font-weight: 400;\">El domingo 11 se daba el banderazo oficial al regreso de la afici\u00f3n en las tribunas con diferentes medidas dictadas por las autoridades pertinentes. Ello pon\u00eda una motivaci\u00f3n extra para el zacatecano que comenzaba de buena forma la competencia marcada a 50 minutos, teniendo para su mala fortuna algunos inconvenientes con su auto que le obligaban a entrar a pits, pese a ello logr\u00f3 subir al podio en la tercera posici\u00f3n, acompa\u00f1ando al ganador Marco Mar\u00edn y a Juan Cant\u00fa con Rafa Vallina.<\/p>\n<p style=\"font-weight: 400;\">\n<p style=\"font-weight: 400;\">Ya con el segundo round y \u00faltimo del d\u00eda, Arellano mostraba su capacidad al llevar el auto #29 nuevamente al Top-3, esta ocasi\u00f3n cruzando la meta en el segundo escal\u00f3n para as\u00ed sumar el 4to podio para \u00e9l en igual n\u00famero de competencias desde su debut. En el podio fue acompa\u00f1ado por Marco Mar\u00edn (Primer puesto) y Juan Cant\u00fa junto a Rafa Vallina.<\/p>\n<p style=\"font-weight: 400;\">\n<p style=\"font-weight: 400;\"><strong><em>\u201cMe voy tranquilo, poco a poco se va mejorando el desempe\u00f1o del auto y yo me voy sintiendo m\u00e1s acoplado al mismo y al formato. No es para nada f\u00e1cil, la parrilla es sumamente competitiva as\u00ed que se debe trabajar fuerte para tener buenos resultados\u201d.<\/em><\/strong><\/p>\n<p style=\"font-weight: 400;\"><strong><em>\u00a0<\/em><\/strong><\/p>\n<p style=\"font-weight: 400;\"><strong><em>\u201cAgradecer a todo el equipo por su trabajo, a mi patrocinador BIG AUTO &#8211; Los Grandes en Refacciones, y a todos aquellos que me est\u00e1n brindando su apoyo en cada paso de mi carrera. Vamos a prepararnos en cada aspecto, corregir errores para llegar mucho mejor a Monterrey\u201d<\/em><\/strong>, expres\u00f3 Arellano.<\/p>\n<p style=\"font-weight: 400;\">\n<p style=\"font-weight: 400;\">Jos\u00e9 Arellano se prepara desde ahora para la quinta fecha de la\u00a0<strong>Copa Mercedes-Benz<\/strong>\u00a0con el auto\u00a0<strong>#29 BIG AUTO-Los Grandes en Refacciones<\/strong>, el pr\u00f3ximo 31 de octubre y 1 de noviembre con la visita de la\u00a0<strong>S\u00faper Copa\u00a0<\/strong>al Aut\u00f3dromo de Monterrey.<\/p>\n","protected":false},"excerpt":{"rendered":"<p>Un nuevo fin de semana exitoso fue el que tuvo Jos\u00e9 Arellano en la categor\u00eda Pro2 de la Copa\u00a0Mercedes-Benz, concluyendo con doble podio en la cuarta fecha de la\u00a0S\u00faper Copa, que el pasado fin de semana visit\u00f3 la pista del Aut\u00f3dromo de Le\u00f3n, siendo el primer evento de automovilismo en presentar p\u00fablico en la llamada [&hellip;]<\/p>\n","protected":false},"author":1,"featured_media":12527,"comment_status":"closed","ping_status":"open","sticky":false,"template":"","format":"standard","meta":{"advanced_seo_description":"","jetpack_seo_html_title":"","jetpack_seo_noindex":false,"_jetpack_memberships_contains_paid_content":false,"footnotes":"","jetpack_publicize_message":"","jetpack_publicize_feature_enabled":true,"jetpack_social_post_already_shared":true,"jetpack_social_options":{"image_generator_settings":{"template":"highway","default_image_id":0,"font":"","enabled":false},"version":2}},"categories":[19],"tags":[232,125],"class_list":["post-12526","post","type-post","status-publish","format-standard","has-post-thumbnail","hentry","category-informacion-general","tag-informacion-general","tag-super-copa"],"jetpack_publicize_connections":[],"jetpack_featured_media_url":"https:\/\/i0.wp.com\/informativoelvalledeaguascalientes.online\/wp-content\/uploads\/2020\/10\/super-copa_13102020.jpg?fit=938%2C625&ssl=1","jetpack-related-posts":[],"jetpack_sharing_enabled":true,"jetpack_likes_enabled":true,"_links":{"self":[{"href":"https:\/\/informativoelvalledeaguascalientes.online\/index.php?rest_route=\/wp\/v2\/posts\/12526","targetHints":{"allow":["GET"]}}],"collection":[{"href":"https:\/\/informativoelvalledeaguascalientes.online\/index.php?rest_route=\/wp\/v2\/posts"}],"about":[{"href":"https:\/\/informativoelvalledeaguascalientes.online\/index.php?rest_route=\/wp\/v2\/types\/post"}],"author":[{"embeddable":true,"href":"https:\/\/informativoelvalledeaguascalientes.online\/index.php?rest_route=\/wp\/v2\/users\/1"}],"replies":[{"embeddable":true,"href":"https:\/\/informativoelvalledeaguascalientes.online\/index.php?rest_route=%2Fwp%2Fv2%2Fcomments&post=12526"}],"version-history":[{"count":1,"href":"https:\/\/informativoelvalledeaguascalientes.online\/index.php?rest_route=\/wp\/v2\/posts\/12526\/revisions"}],"predecessor-version":[{"id":12528,"href":"https:\/\/informativoelvalledeaguascalientes.online\/index.php?rest_route=\/wp\/v2\/posts\/12526\/revisions\/12528"}],"wp:featuredmedia":[{"embeddable":true,"href":"https:\/\/informativoelvalledeaguascalientes.online\/index.php?rest_route=\/wp\/v2\/media\/12527"}],"wp:attachment":[{"href":"https:\/\/informativoelvalledeaguascalientes.online\/index.php?rest_route=%2Fwp%2Fv2%2Fmedia&parent=12526"}],"wp:term":[{"taxonomy":"category","embeddable":true,"href":"https:\/\/informativoelvalledeaguascalientes.online\/index.php?rest_route=%2Fwp%2Fv2%2Fcategories&post=12526"},{"taxonomy":"post_tag","embeddable":true,"href":"https:\/\/informativoelvalledeaguascalientes.online\/index.php?rest_route=%2Fwp%2Fv2%2Ftags&post=12526"}],"curies":[{"name":"wp","href":"https:\/\/api.w.org\/{rel}","templated":true}]}}