{"id":12512,"date":"2020-10-12T21:34:38","date_gmt":"2020-10-13T03:34:38","guid":{"rendered":"https:\/\/informativoelvalledeaguascalientes.online\/?p=12512"},"modified":"2020-10-12T21:34:38","modified_gmt":"2020-10-13T03:34:38","slug":"solicita-martha-marquez-nueva-estrategia-en-materia-de-salud-para-atender-pandemia-y-desabasto","status":"publish","type":"post","link":"https:\/\/informativoelvalledeaguascalientes.online\/?p=12512","title":{"rendered":"SOLICITA MARTHA M\u00c1RQUEZ NUEVA ESTRATEGIA EN MATERIA DE SALUD PARA ATENDER PANDEMIA Y DESABASTO"},"content":{"rendered":"<ul>\n<li><b><i>Solicit\u00f3 que el Consejo de Salubridad tome el mando de la pandemia e impulsar una estrategia integral para la contenci\u00f3n de la misma<\/i><\/b><\/li>\n<li><b><i>Exigi\u00f3 al titular de la COFEPRIS esclarecer la adquisici\u00f3n de medicamentos oncol\u00f3gicos y el robo de m\u00e1s de 40 mil piezas oncol\u00f3gicas<\/i><\/b><\/li>\n<\/ul>\n<p>La senadora Martha M\u00e1rquez Alvarado solicit\u00f3, desde la Comisi\u00f3n de Salud, que sea el Consejo de Salubridad General el que maneje la pandemia por Covid- 19, y con ello, evitar la toma de decisiones unilaterales por parte del subsecretario de Prevenci\u00f3n y Promoci\u00f3n de la Salud, Hugo L\u00f3pez-Gatell.<\/p>\n<p>Durante la comparecencia del funcionario federal, M\u00e1rquez Alvarado se\u00f1al\u00f3 que la indolencia, ineptitud e irresponsabilidad de L\u00f3pez-Gatell ha costado la vida de m\u00e1s de 83 mil mexicanas y mexicanos a causa del Coronavirus.<\/p>\n<p>Asimismo, indic\u00f3 que hay una cerraz\u00f3n por parte de la Federaci\u00f3n, ya que no permiten ni aceptan recomendaciones de organismos internacionales, de los exsecretarios de Salud, de los gobiernos estatales y del propio Legislativo.<\/p>\n<p>La legisladora aguascalentense agreg\u00f3 que se debe guiar al pa\u00eds con una estrategia integral que incluya: transparencia en los datos sobre los casos de contagio, decesos y sospechosos, pruebas para detectar casos y pruebas serol\u00f3gicas que permitan identificar a quienes ya fueron infectados; as\u00ed como la atenci\u00f3n oportuna de los casos.<\/p>\n<p>Sobre la falta de medicamentos oncol\u00f3gicos, la senadora responsabiliz\u00f3 a los titulares por el robo de 37 mil 956 medicamentos oncol\u00f3gicos, pues dijo, el cambio en el esquema de la compra de medicamentos caus\u00f3 el desastre-<\/p>\n<p>Por otra parte, acus\u00f3 a la Comisi\u00f3n Federal para la Protecci\u00f3n contra Riesgos Sanitarios (Cofepris) de ser la causante del desabasto, ya que desde inicios de 2019 ha parado tr\u00e1mites para la producci\u00f3n de medicamentos oncol\u00f3gicos en territorio nacional.<\/p>\n<p>\u201cHay un desabasto provocado por el propio Gobierno, es una mentira que sea causa de desabasto global, las ni\u00f1as y los ni\u00f1os con c\u00e1ncer est\u00e1n muriendo no por falta de fuerza sino por falta de lo \u00fanico que les da esperanza de vida: sus medicamentos\u201d, concluy\u00f3.<\/p>\n","protected":false},"excerpt":{"rendered":"<p>Solicit\u00f3 que el Consejo de Salubridad tome el mando de la pandemia e impulsar una estrategia integral para la contenci\u00f3n de la misma Exigi\u00f3 al titular de la COFEPRIS esclarecer la adquisici\u00f3n de medicamentos oncol\u00f3gicos y el robo de m\u00e1s de 40 mil piezas oncol\u00f3gicas La senadora Martha M\u00e1rquez Alvarado solicit\u00f3, desde la Comisi\u00f3n de [&hellip;]<\/p>\n","protected":false},"author":1,"featured_media":12513,"comment_status":"closed","ping_status":"open","sticky":false,"template":"","format":"standard","meta":{"advanced_seo_description":"","jetpack_seo_html_title":"","jetpack_seo_noindex":false,"_jetpack_memberships_contains_paid_content":false,"footnotes":"","jetpack_publicize_message":"","jetpack_publicize_feature_enabled":true,"jetpack_social_post_already_shared":true,"jetpack_social_options":{"image_generator_settings":{"template":"highway","default_image_id":0,"font":"","enabled":false},"version":2}},"categories":[21,7],"tags":[22,41,23,43],"class_list":["post-12512","post","type-post","status-publish","format-standard","has-post-thumbnail","hentry","category-aguascalientes","category-pan-aguascalientes","tag-aguascalientes","tag-martha-marquez","tag-pan-aguascalientes","tag-pan-aguascalientes-cde"],"jetpack_publicize_connections":[],"jetpack_featured_media_url":"https:\/\/i0.wp.com\/informativoelvalledeaguascalientes.online\/wp-content\/uploads\/2020\/10\/mm121020.jpg?fit=773%2C531&ssl=1","jetpack-related-posts":[],"jetpack_sharing_enabled":true,"jetpack_likes_enabled":true,"_links":{"self":[{"href":"https:\/\/informativoelvalledeaguascalientes.online\/index.php?rest_route=\/wp\/v2\/posts\/12512","targetHints":{"allow":["GET"]}}],"collection":[{"href":"https:\/\/informativoelvalledeaguascalientes.online\/index.php?rest_route=\/wp\/v2\/posts"}],"about":[{"href":"https:\/\/informativoelvalledeaguascalientes.online\/index.php?rest_route=\/wp\/v2\/types\/post"}],"author":[{"embeddable":true,"href":"https:\/\/informativoelvalledeaguascalientes.online\/index.php?rest_route=\/wp\/v2\/users\/1"}],"replies":[{"embeddable":true,"href":"https:\/\/informativoelvalledeaguascalientes.online\/index.php?rest_route=%2Fwp%2Fv2%2Fcomments&post=12512"}],"version-history":[{"count":1,"href":"https:\/\/informativoelvalledeaguascalientes.online\/index.php?rest_route=\/wp\/v2\/posts\/12512\/revisions"}],"predecessor-version":[{"id":12514,"href":"https:\/\/informativoelvalledeaguascalientes.online\/index.php?rest_route=\/wp\/v2\/posts\/12512\/revisions\/12514"}],"wp:featuredmedia":[{"embeddable":true,"href":"https:\/\/informativoelvalledeaguascalientes.online\/index.php?rest_route=\/wp\/v2\/media\/12513"}],"wp:attachment":[{"href":"https:\/\/informativoelvalledeaguascalientes.online\/index.php?rest_route=%2Fwp%2Fv2%2Fmedia&parent=12512"}],"wp:term":[{"taxonomy":"category","embeddable":true,"href":"https:\/\/informativoelvalledeaguascalientes.online\/index.php?rest_route=%2Fwp%2Fv2%2Fcategories&post=12512"},{"taxonomy":"post_tag","embeddable":true,"href":"https:\/\/informativoelvalledeaguascalientes.online\/index.php?rest_route=%2Fwp%2Fv2%2Ftags&post=12512"}],"curies":[{"name":"wp","href":"https:\/\/api.w.org\/{rel}","templated":true}]}}