{"id":12506,"date":"2020-10-12T21:18:43","date_gmt":"2020-10-13T03:18:43","guid":{"rendered":"https:\/\/informativoelvalledeaguascalientes.online\/?p=12506"},"modified":"2020-10-12T21:18:43","modified_gmt":"2020-10-13T03:18:43","slug":"el-12-de-octubre-es-una-celebracion-de-los-lazos-de-nuestra-lengua-y-cultura-con-el-mundo-hispanico","status":"publish","type":"post","link":"https:\/\/informativoelvalledeaguascalientes.online\/?p=12506","title":{"rendered":"EL 12 DE OCTUBRE ES UNA CELEBRACI\u00d3N DE LOS LAZOS DE NUESTRA LENGUA Y CULTURA CON EL MUNDO HISP\u00c1NICO"},"content":{"rendered":"<p style=\"font-weight: 400;\">\n<ul>\n<li style=\"font-weight: 400;\"><strong><em>Ser nacionalista, amar a M\u00e9xico y Latinoam\u00e9rica, pero ser antihispano, es un contrasentido: MCR<\/em><\/strong><\/li>\n<li style=\"font-weight: 400;\"><strong><em>La llegada de Crist\u00f3bal Col\u00f3n al continente americano fue precursora del mundo globalizado que hoy vivimos<\/em><\/strong><\/li>\n<\/ul>\n<p style=\"font-weight: 400;\"><strong><em>\u00a0<\/em><\/strong><\/p>\n<p style=\"font-weight: 400;\">\n<p style=\"font-weight: 400;\">Con la representaci\u00f3n del gobernador Mart\u00edn Orozco Sandoval, el subsecretario de Gobierno, Manuel Cortina Reynoso, presidi\u00f3 la ceremonia c\u00edvica-conmemorativa por el 528\u00b0 Aniversario de Descubrimiento de Am\u00e9rica, uno de los momentos de la historia moderna que cambi\u00f3 a la humanidad, y que fue evocado como una celebraci\u00f3n de los lazos de nuestra sangre, lengua y cultura con el mundo hisp\u00e1nico.<\/p>\n<p style=\"font-weight: 400;\">\n<p style=\"font-weight: 400;\">Durante su discurso, Cortina Reynoso refiri\u00f3 que ser nacionalista, amar a M\u00e9xico y a Latinoam\u00e9rica, pero ser o promover un sentimiento antihispano, es un contrasentido, pues forma parte inherente de nuestra esencia y lo que hoy somos, ya que la llegada de Crist\u00f3bal Col\u00f3n al continente americano fue precursora del mundo globalizado que actualmente vivimos, y es por ello que a las nuevas generaciones, le corresponde vencer viejos prejuicios y superar los nuevos retos.<\/p>\n<p style=\"font-weight: 400;\">\n<p style=\"font-weight: 400;\">Agreg\u00f3 que el 12 de Octubre es un momento para reflexionar sobre los derechos vulnerados de los pueblos originarios, pero sin caer en fobias promovidas por algunas ideolog\u00edas, sino como un ejercicio necesario para una sana valoraci\u00f3n de los acontecimientos que forjaron nuestra identidad.<\/p>\n<p style=\"font-weight: 400;\">\n<p style=\"font-weight: 400;\">Al evento tambi\u00e9n asistieron el fiscal general del Estado, Jes\u00fas Figueroa Ortega; el secretario de Finanzas, Carlos Magallanes Garc\u00eda; el secretario del Ayuntamiento de Aguascalientes, Jaime Beltr\u00e1n Mart\u00ednez; el subsecretario de Seguridad P\u00fablica en el Estado, Jonas Ch\u00e1vez Mar\u00edn; y la directora general de la instituci\u00f3n educativa Crist\u00f3bal Col\u00f3n, Mar\u00eda de Jes\u00fas P\u00e9rez Enr\u00edquez, quien fue la encargada de dar la bienvenida.<\/p>\n","protected":false},"excerpt":{"rendered":"<p>Ser nacionalista, amar a M\u00e9xico y Latinoam\u00e9rica, pero ser antihispano, es un contrasentido: MCR La llegada de Crist\u00f3bal Col\u00f3n al continente americano fue precursora del mundo globalizado que hoy vivimos \u00a0 Con la representaci\u00f3n del gobernador Mart\u00edn Orozco Sandoval, el subsecretario de Gobierno, Manuel Cortina Reynoso, presidi\u00f3 la ceremonia c\u00edvica-conmemorativa por el 528\u00b0 Aniversario de [&hellip;]<\/p>\n","protected":false},"author":1,"featured_media":12507,"comment_status":"closed","ping_status":"open","sticky":false,"template":"","format":"standard","meta":{"advanced_seo_description":"","jetpack_seo_html_title":"","jetpack_seo_noindex":false,"_jetpack_memberships_contains_paid_content":false,"footnotes":"","jetpack_publicize_message":"","jetpack_publicize_feature_enabled":true,"jetpack_social_post_already_shared":true,"jetpack_social_options":{"image_generator_settings":{"template":"highway","default_image_id":0,"font":"","enabled":false},"version":2}},"categories":[21,4],"tags":[22,51],"class_list":["post-12506","post","type-post","status-publish","format-standard","has-post-thumbnail","hentry","category-aguascalientes","category-gobierno-del-estado-aguascalientes","tag-aguascalientes","tag-seggob"],"jetpack_publicize_connections":[],"jetpack_featured_media_url":"https:\/\/i0.wp.com\/informativoelvalledeaguascalientes.online\/wp-content\/uploads\/2020\/10\/seggo12.jpg?fit=772%2C489&ssl=1","jetpack-related-posts":[],"jetpack_sharing_enabled":true,"jetpack_likes_enabled":true,"_links":{"self":[{"href":"https:\/\/informativoelvalledeaguascalientes.online\/index.php?rest_route=\/wp\/v2\/posts\/12506","targetHints":{"allow":["GET"]}}],"collection":[{"href":"https:\/\/informativoelvalledeaguascalientes.online\/index.php?rest_route=\/wp\/v2\/posts"}],"about":[{"href":"https:\/\/informativoelvalledeaguascalientes.online\/index.php?rest_route=\/wp\/v2\/types\/post"}],"author":[{"embeddable":true,"href":"https:\/\/informativoelvalledeaguascalientes.online\/index.php?rest_route=\/wp\/v2\/users\/1"}],"replies":[{"embeddable":true,"href":"https:\/\/informativoelvalledeaguascalientes.online\/index.php?rest_route=%2Fwp%2Fv2%2Fcomments&post=12506"}],"version-history":[{"count":1,"href":"https:\/\/informativoelvalledeaguascalientes.online\/index.php?rest_route=\/wp\/v2\/posts\/12506\/revisions"}],"predecessor-version":[{"id":12508,"href":"https:\/\/informativoelvalledeaguascalientes.online\/index.php?rest_route=\/wp\/v2\/posts\/12506\/revisions\/12508"}],"wp:featuredmedia":[{"embeddable":true,"href":"https:\/\/informativoelvalledeaguascalientes.online\/index.php?rest_route=\/wp\/v2\/media\/12507"}],"wp:attachment":[{"href":"https:\/\/informativoelvalledeaguascalientes.online\/index.php?rest_route=%2Fwp%2Fv2%2Fmedia&parent=12506"}],"wp:term":[{"taxonomy":"category","embeddable":true,"href":"https:\/\/informativoelvalledeaguascalientes.online\/index.php?rest_route=%2Fwp%2Fv2%2Fcategories&post=12506"},{"taxonomy":"post_tag","embeddable":true,"href":"https:\/\/informativoelvalledeaguascalientes.online\/index.php?rest_route=%2Fwp%2Fv2%2Ftags&post=12506"}],"curies":[{"name":"wp","href":"https:\/\/api.w.org\/{rel}","templated":true}]}}