{"id":12503,"date":"2020-10-12T20:56:42","date_gmt":"2020-10-13T02:56:42","guid":{"rendered":"https:\/\/informativoelvalledeaguascalientes.online\/?p=12503"},"modified":"2020-10-12T20:56:42","modified_gmt":"2020-10-13T02:56:42","slug":"juan-cantu-el-arabe-debuto-con-doble-podio-en-la-copa-mercedes-benz","status":"publish","type":"post","link":"https:\/\/informativoelvalledeaguascalientes.online\/?p=12503","title":{"rendered":"Juan Cant\u00fa \u201cEl \u00c1rabe\u201d, debut\u00f3 con doble podio en la Copa Mercedes-Benz"},"content":{"rendered":"<p style=\"font-weight: 400;\"><strong>Le\u00f3n, Guanajuato, a 12 de octubre de 2020.-\u00a0<\/strong>Un debut importante fue el que tuvo el regiomontano, Juan Cant\u00fa \u201cEl \u00c1rabe\u201d, en la\u00a0<strong>Copa Mercedes-Benz<\/strong>\u00a0consiguiendo par de podios en la categor\u00eda\u00a0<strong>Pro2<\/strong>, en igual n\u00famero de carreras durante la visita de la\u00a0<strong>S\u00faper Copa<\/strong>\u00a0a Le\u00f3n, Guanajuato, en una fecha especial por ser el regreso de la afici\u00f3n a las tribunas.<\/p>\n<p style=\"font-weight: 400;\">\n<p style=\"font-weight: 400;\">Una primera experiencia exitosa fue la que tuvo Juan Cant\u00fa \u201cEl \u00c1rabe\u201d con el equipo ARZYZ Metals, este fin de semana en la categor\u00eda Pro2 de la\u00a0<strong>Copa Mercedes-Benz<\/strong>\u00a0en el evento que quedar\u00e1 marcado por representar el retorno del p\u00fablico a los aut\u00f3dromos mexicanos en la\u00a0<strong>S\u00faper Copa<\/strong>, teniendo como sede un aut\u00f3dromo de Le\u00f3n que vivi\u00f3 competencias sumamente interesantes.<\/p>\n<p style=\"font-weight: 400;\">\n<p style=\"font-weight: 400;\">A bordo del auto #3\u00a0<strong>ARZYZ Metals<\/strong>, Cant\u00fa vio el primer cambio al compartir asiendo con el chihuahuense Rafael Vallina, siendo esta la \u00fanica ocasi\u00f3n que se dar\u00e1 esta dupla, recordando que es Enrique Baca el coequipero oficial con una pareja 100% neoleonesa.<\/p>\n<p style=\"font-weight: 400;\">\n<p style=\"font-weight: 400;\">El primer hit llegaba y Juan Cant\u00fa era el encargado de abrir la competencia durante los primeros 25 minutos de contienda hasta la aparici\u00f3n de la bandera amarilla en pista, indicativo del cambio de piloto, dejando el auto colocado en el segundo puesto tras haber arrancado tercero. Vallina tomar\u00eda el mando para mantenerse en la 2da posici\u00f3n y de esta forma conseguir el podio.<\/p>\n<p style=\"font-weight: 400;\">\n<p style=\"font-weight: 400;\">Minutos m\u00e1s tarde, llegar\u00eda la ronda final, en donde el de Monterrey tendr\u00eda que cerrar en la segunda mitad de la carrera, recibiendo el auto en el lugar 3 y logrando mantenerse para concretar su segundo podio del fin de semana, en un debut protagonista para \u00e9l.<\/p>\n<p style=\"font-weight: 400;\">\n<p style=\"font-weight: 400;\"><strong><em>\u201cIndudablemente nos vamos muy contentos con esta primera experiencia en la que logramos un par de podios que nos motivan demasiado. Por diferentes circunstancias nos toc\u00f3 compartir auto con Rafael Vallina, fue algo a lo que nos adaptamos r\u00e1pidamente; sin embargo, mi coequipero y a quien tengo que agradecer por todo el apoyo es a Enrique Baca, para m\u00ed el mejor piloto con el que espero seguir mejorando para la siguiente fecha\u201d.<\/em><\/strong><\/p>\n<p style=\"font-weight: 400;\"><strong><em>\u00a0<\/em><\/strong><\/p>\n<p style=\"font-weight: 400;\"><strong><em>\u201cAgradecer enormemente a ARZYZ Metals por confiar en nosotros y darme la oportunidad de cumplir este sue\u00f1o, de estar compitiendo en una de las mejores parrillas del automovilismo mexicano. Vamos a trabajar muy fuerte para que los resultados sigan llegando\u201d,<\/em><\/strong>\u00a0finaliz\u00f3 Cant\u00fa.<\/p>\n<p style=\"font-weight: 400;\">\n<p style=\"font-weight: 400;\">El siguiente compromiso para Juan Cant\u00fa \u201cEl \u00c1rabe\u201d en la\u00a0<strong>Copa Mercedes-Benz<\/strong>, ser\u00e1 sumamente especial, siendo del 31 de octubre al 1 de noviembre\u00a0\u00a0con la visita de la\u00a0<strong>S\u00faper Copa<\/strong>\u00a0a su tierra, Monterrey, Nuevo Le\u00f3n.<\/p>\n<p style=\"font-weight: 400;\">\n","protected":false},"excerpt":{"rendered":"<p>Le\u00f3n, Guanajuato, a 12 de octubre de 2020.-\u00a0Un debut importante fue el que tuvo el regiomontano, Juan Cant\u00fa \u201cEl \u00c1rabe\u201d, en la\u00a0Copa Mercedes-Benz\u00a0consiguiendo par de podios en la categor\u00eda\u00a0Pro2, en igual n\u00famero de carreras durante la visita de la\u00a0S\u00faper Copa\u00a0a Le\u00f3n, Guanajuato, en una fecha especial por ser el regreso de la afici\u00f3n a las [&hellip;]<\/p>\n","protected":false},"author":1,"featured_media":12504,"comment_status":"closed","ping_status":"open","sticky":false,"template":"","format":"standard","meta":{"advanced_seo_description":"","jetpack_seo_html_title":"","jetpack_seo_noindex":false,"_jetpack_memberships_contains_paid_content":false,"footnotes":"","jetpack_publicize_message":"","jetpack_publicize_feature_enabled":true,"jetpack_social_post_already_shared":true,"jetpack_social_options":{"image_generator_settings":{"template":"highway","default_image_id":0,"font":"","enabled":false},"version":2}},"categories":[19],"tags":[338],"class_list":["post-12503","post","type-post","status-publish","format-standard","has-post-thumbnail","hentry","category-informacion-general","tag-copa-mercedez-benz"],"jetpack_publicize_connections":[],"jetpack_featured_media_url":"https:\/\/i0.wp.com\/informativoelvalledeaguascalientes.online\/wp-content\/uploads\/2020\/10\/arabe.jpg?fit=768%2C513&ssl=1","jetpack-related-posts":[],"jetpack_sharing_enabled":true,"jetpack_likes_enabled":true,"_links":{"self":[{"href":"https:\/\/informativoelvalledeaguascalientes.online\/index.php?rest_route=\/wp\/v2\/posts\/12503","targetHints":{"allow":["GET"]}}],"collection":[{"href":"https:\/\/informativoelvalledeaguascalientes.online\/index.php?rest_route=\/wp\/v2\/posts"}],"about":[{"href":"https:\/\/informativoelvalledeaguascalientes.online\/index.php?rest_route=\/wp\/v2\/types\/post"}],"author":[{"embeddable":true,"href":"https:\/\/informativoelvalledeaguascalientes.online\/index.php?rest_route=\/wp\/v2\/users\/1"}],"replies":[{"embeddable":true,"href":"https:\/\/informativoelvalledeaguascalientes.online\/index.php?rest_route=%2Fwp%2Fv2%2Fcomments&post=12503"}],"version-history":[{"count":1,"href":"https:\/\/informativoelvalledeaguascalientes.online\/index.php?rest_route=\/wp\/v2\/posts\/12503\/revisions"}],"predecessor-version":[{"id":12505,"href":"https:\/\/informativoelvalledeaguascalientes.online\/index.php?rest_route=\/wp\/v2\/posts\/12503\/revisions\/12505"}],"wp:featuredmedia":[{"embeddable":true,"href":"https:\/\/informativoelvalledeaguascalientes.online\/index.php?rest_route=\/wp\/v2\/media\/12504"}],"wp:attachment":[{"href":"https:\/\/informativoelvalledeaguascalientes.online\/index.php?rest_route=%2Fwp%2Fv2%2Fmedia&parent=12503"}],"wp:term":[{"taxonomy":"category","embeddable":true,"href":"https:\/\/informativoelvalledeaguascalientes.online\/index.php?rest_route=%2Fwp%2Fv2%2Fcategories&post=12503"},{"taxonomy":"post_tag","embeddable":true,"href":"https:\/\/informativoelvalledeaguascalientes.online\/index.php?rest_route=%2Fwp%2Fv2%2Ftags&post=12503"}],"curies":[{"name":"wp","href":"https:\/\/api.w.org\/{rel}","templated":true}]}}