{"id":12493,"date":"2020-10-12T20:18:07","date_gmt":"2020-10-13T02:18:07","guid":{"rendered":"https:\/\/informativoelvalledeaguascalientes.online\/?p=12493"},"modified":"2020-10-12T20:18:07","modified_gmt":"2020-10-13T02:18:07","slug":"anuncia-municipio-de-aguascalientes-cancelacion-del-tianguis-de-los-muertos-en-su-edicion-2020","status":"publish","type":"post","link":"https:\/\/informativoelvalledeaguascalientes.online\/?p=12493","title":{"rendered":"ANUNCIA MUNICIPIO DE AGUASCALIENTES CANCELACI\u00d3N DEL TIANGUIS DE LOS MUERTOS EN SU EDICI\u00d3N 2020"},"content":{"rendered":"<ul>\n<li><strong>Como un acto de responsabilidad y en congruencia a la pandemia por COVID-19, el Ayuntamiento en consenso con los comerciantes, han decidido cancelar el tradicional Tianguis de los Muertos<\/strong><\/li>\n<\/ul>\n<p>En un acto de responsabilidad para evitar la propagaci\u00f3n de COVID-19 y cuidar la salud de la ciudadan\u00eda,\u00a0<strong>Jaime Beltr\u00e1n Mart\u00ednez<\/strong>, secretario del H. Ayuntamiento y director general de Gobierno, anunci\u00f3 que en conjunto con autoridades estatales y con los comerciantes que cada a\u00f1o se instalan en el Arroyo de Los Arellano, se decidi\u00f3 la cancelaci\u00f3n del tradicional \u201cTianguis de los Muertos\u201d en su edici\u00f3n 2020.<\/p>\n<p>Explic\u00f3 que cada a\u00f1o se instalan en este lugar alrededor de mil 100 comerciantes, lo que sin duda representa un riesgo de salud, por la aglomeraci\u00f3n de personas. Es por eso que gracias a la disposici\u00f3n tanto de ellos como de la autoridad y al no ser una actividad esencial, se logr\u00f3 establecer este acuerdo en bien de la ciudadan\u00eda.<\/p>\n<p><strong>Beltr\u00e1n Mart\u00ednez\u00a0<\/strong>dio a conocer que luego de sostener varias pl\u00e1ticas con todas las partes, se lleg\u00f3 al acuerdo de la cancelaci\u00f3n del tianguis, tal\u00a0 como se hizo d\u00edas atr\u00e1s con el Festival de Calaveras que organiza el gobierno estatal.<\/p>\n<p>Asimismo, indic\u00f3 que los panteones municipales continuar\u00e1n cerrados para evitar concentraciones masivas de personas y de manera responsable, cuidar la salud y el bienestar de todos los habitantes de Aguascalientes.<\/p>\n","protected":false},"excerpt":{"rendered":"<p>Como un acto de responsabilidad y en congruencia a la pandemia por COVID-19, el Ayuntamiento en consenso con los comerciantes, han decidido cancelar el tradicional Tianguis de los Muertos En un acto de responsabilidad para evitar la propagaci\u00f3n de COVID-19 y cuidar la salud de la ciudadan\u00eda,\u00a0Jaime Beltr\u00e1n Mart\u00ednez, secretario del H. Ayuntamiento y director [&hellip;]<\/p>\n","protected":false},"author":1,"featured_media":12494,"comment_status":"closed","ping_status":"open","sticky":false,"template":"","format":"standard","meta":{"advanced_seo_description":"","jetpack_seo_html_title":"","jetpack_seo_noindex":false,"_jetpack_memberships_contains_paid_content":false,"footnotes":"","jetpack_publicize_message":"","jetpack_publicize_feature_enabled":true,"jetpack_social_post_already_shared":true,"jetpack_social_options":{"image_generator_settings":{"template":"highway","default_image_id":0,"font":"","enabled":false},"version":2}},"categories":[21,3],"tags":[22,25],"class_list":["post-12493","post","type-post","status-publish","format-standard","has-post-thumbnail","hentry","category-aguascalientes","category-municipio-aguascalientes","tag-aguascalientes","tag-mpio-aguascalientes"],"jetpack_publicize_connections":[],"jetpack_featured_media_url":"https:\/\/i0.wp.com\/informativoelvalledeaguascalientes.online\/wp-content\/uploads\/2020\/10\/MMUERTOS.jpg?fit=795%2C525&ssl=1","jetpack-related-posts":[],"jetpack_sharing_enabled":true,"jetpack_likes_enabled":true,"_links":{"self":[{"href":"https:\/\/informativoelvalledeaguascalientes.online\/index.php?rest_route=\/wp\/v2\/posts\/12493","targetHints":{"allow":["GET"]}}],"collection":[{"href":"https:\/\/informativoelvalledeaguascalientes.online\/index.php?rest_route=\/wp\/v2\/posts"}],"about":[{"href":"https:\/\/informativoelvalledeaguascalientes.online\/index.php?rest_route=\/wp\/v2\/types\/post"}],"author":[{"embeddable":true,"href":"https:\/\/informativoelvalledeaguascalientes.online\/index.php?rest_route=\/wp\/v2\/users\/1"}],"replies":[{"embeddable":true,"href":"https:\/\/informativoelvalledeaguascalientes.online\/index.php?rest_route=%2Fwp%2Fv2%2Fcomments&post=12493"}],"version-history":[{"count":1,"href":"https:\/\/informativoelvalledeaguascalientes.online\/index.php?rest_route=\/wp\/v2\/posts\/12493\/revisions"}],"predecessor-version":[{"id":12495,"href":"https:\/\/informativoelvalledeaguascalientes.online\/index.php?rest_route=\/wp\/v2\/posts\/12493\/revisions\/12495"}],"wp:featuredmedia":[{"embeddable":true,"href":"https:\/\/informativoelvalledeaguascalientes.online\/index.php?rest_route=\/wp\/v2\/media\/12494"}],"wp:attachment":[{"href":"https:\/\/informativoelvalledeaguascalientes.online\/index.php?rest_route=%2Fwp%2Fv2%2Fmedia&parent=12493"}],"wp:term":[{"taxonomy":"category","embeddable":true,"href":"https:\/\/informativoelvalledeaguascalientes.online\/index.php?rest_route=%2Fwp%2Fv2%2Fcategories&post=12493"},{"taxonomy":"post_tag","embeddable":true,"href":"https:\/\/informativoelvalledeaguascalientes.online\/index.php?rest_route=%2Fwp%2Fv2%2Ftags&post=12493"}],"curies":[{"name":"wp","href":"https:\/\/api.w.org\/{rel}","templated":true}]}}