{"id":12460,"date":"2020-10-10T20:12:32","date_gmt":"2020-10-11T02:12:32","guid":{"rendered":"https:\/\/informativoelvalledeaguascalientes.online\/?p=12460"},"modified":"2020-10-10T20:12:32","modified_gmt":"2020-10-11T02:12:32","slug":"recuerdan-la-convencion-revolucionaria-como-el-llamado-a-construir-con-acuerdos-el-bien-comun","status":"publish","type":"post","link":"https:\/\/informativoelvalledeaguascalientes.online\/?p=12460","title":{"rendered":"RECUERDAN LA CONVENCI\u00d3N REVOLUCIONARIA COMO EL LLAMADO A CONSTRUIR CON ACUERDOS EL BIEN COM\u00daN"},"content":{"rendered":"<ul>\n<li style=\"font-weight: 400;\"><strong><em>El compromiso del Gobierno del Estado es mantener la apertura, el di\u00e1logo y el respeto a la pluralidad pol\u00edtica y a la diversidad social<\/em><\/strong><\/li>\n<li style=\"font-weight: 400;\"><strong><em>La Convenci\u00f3n de Aguascalientes fue un acto simb\u00f3lico de revaloraci\u00f3n de la pol\u00edtica como v\u00eda de soluci\u00f3n de las diferencias y cimiento de la renovaci\u00f3n del Estado<\/em><\/strong><\/li>\n<\/ul>\n<p style=\"font-weight: 400;\"><strong><em>\u00a0<\/em><\/strong><\/p>\n<p style=\"font-weight: 400;\">Con la representaci\u00f3n del gobernador Mart\u00edn Orozco Sandoval, el secretario general de Gobierno, Juan Manuel Flores Femat, presidi\u00f3 la ceremonia conmemorativa por el 106\u00ba Aniversario de la Convenci\u00f3n Revolucionaria de Aguascalientes, uno de los episodios hist\u00f3ricos del pa\u00eds que marc\u00f3 el rumbo que tomar\u00eda este movimiento social, recordando que en este momento, como entonces, el principal obst\u00e1culo que debe superarse, son los intereses personales, adem\u00e1s de ser el verdadero reto a vencer para edificar el bien com\u00fan.<\/p>\n<p style=\"font-weight: 400;\">\n<p style=\"font-weight: 400;\">El responsable de la pol\u00edtica interna refiri\u00f3 que el compromiso de la administraci\u00f3n estatal, y que el jefe del Ejecutivo le ha transmitido a todo su gabinete, es mantener la apertura, el di\u00e1logo franco, as\u00ed como el respeto absoluto a la pluralidad pol\u00edtica y a la diversidad social, enfatizando que son las distintas ideolog\u00edas las que contribuyen al fortalecimiento democr\u00e1tico.<\/p>\n<p style=\"font-weight: 400;\">\n<p style=\"font-weight: 400;\">Agreg\u00f3 que el valor hist\u00f3rico de la Convenci\u00f3n de Aguascalientes radica en que brind\u00f3 las bases de algunas de las reformas sociales y econ\u00f3micas que tres a\u00f1os despu\u00e9s fueron plasmadas en la Constituci\u00f3n de 1917, y el valor simb\u00f3lico es reside en la revaloraci\u00f3n de la pol\u00edtica como v\u00eda de soluci\u00f3n de las diferencias, como espacio de construcci\u00f3n de coincidencias y cimiento de la renovaci\u00f3n del Estado.<\/p>\n<p style=\"font-weight: 400;\">\n<p style=\"font-weight: 400;\">La directora general del Instituto Cultural de Aguascalientes, Claudia Santa Ana Zald\u00edvar, se\u00f1al\u00f3 que el Teatro Morelos es en la actualidad, como hace 106 a\u00f1os, testigo de las grandes transformaciones nacionales, como la gran discusi\u00f3n para articular el pa\u00eds que las distintas corrientes revolucionarias aspiraban, luego del porfiriato y en medio de la guerra civil.<\/p>\n<p>&nbsp;<\/p>\n<p style=\"font-weight: 400;\">La funcionaria estatal refiri\u00f3 que la solemne conmemoraci\u00f3n de este episodio hist\u00f3rico es una espl\u00e9ndida oportunidad para reencontrarnos en torno al gran objetivo de mantener en la memoria la diversidad de luchas pasadas que nos han dado origen y destino, pero tambi\u00e9n para reflexionar sobre las luchas presentes que ahora nos ocupan.<\/p>\n","protected":false},"excerpt":{"rendered":"<p>El compromiso del Gobierno del Estado es mantener la apertura, el di\u00e1logo y el respeto a la pluralidad pol\u00edtica y a la diversidad social La Convenci\u00f3n de Aguascalientes fue un acto simb\u00f3lico de revaloraci\u00f3n de la pol\u00edtica como v\u00eda de soluci\u00f3n de las diferencias y cimiento de la renovaci\u00f3n del Estado \u00a0 Con la representaci\u00f3n [&hellip;]<\/p>\n","protected":false},"author":1,"featured_media":12461,"comment_status":"closed","ping_status":"open","sticky":false,"template":"","format":"standard","meta":{"advanced_seo_description":"","jetpack_seo_html_title":"","jetpack_seo_noindex":false,"_jetpack_memberships_contains_paid_content":false,"footnotes":"","jetpack_publicize_message":"","jetpack_publicize_feature_enabled":true,"jetpack_social_post_already_shared":true,"jetpack_social_options":{"image_generator_settings":{"template":"highway","default_image_id":0,"font":"","enabled":false},"version":2}},"categories":[21,4],"tags":[22,51],"class_list":["post-12460","post","type-post","status-publish","format-standard","has-post-thumbnail","hentry","category-aguascalientes","category-gobierno-del-estado-aguascalientes","tag-aguascalientes","tag-seggob"],"jetpack_publicize_connections":[],"jetpack_featured_media_url":"https:\/\/i0.wp.com\/informativoelvalledeaguascalientes.online\/wp-content\/uploads\/2020\/10\/seggob_10102020.jpg?fit=1011%2C568&ssl=1","jetpack-related-posts":[],"jetpack_sharing_enabled":true,"jetpack_likes_enabled":true,"_links":{"self":[{"href":"https:\/\/informativoelvalledeaguascalientes.online\/index.php?rest_route=\/wp\/v2\/posts\/12460","targetHints":{"allow":["GET"]}}],"collection":[{"href":"https:\/\/informativoelvalledeaguascalientes.online\/index.php?rest_route=\/wp\/v2\/posts"}],"about":[{"href":"https:\/\/informativoelvalledeaguascalientes.online\/index.php?rest_route=\/wp\/v2\/types\/post"}],"author":[{"embeddable":true,"href":"https:\/\/informativoelvalledeaguascalientes.online\/index.php?rest_route=\/wp\/v2\/users\/1"}],"replies":[{"embeddable":true,"href":"https:\/\/informativoelvalledeaguascalientes.online\/index.php?rest_route=%2Fwp%2Fv2%2Fcomments&post=12460"}],"version-history":[{"count":1,"href":"https:\/\/informativoelvalledeaguascalientes.online\/index.php?rest_route=\/wp\/v2\/posts\/12460\/revisions"}],"predecessor-version":[{"id":12462,"href":"https:\/\/informativoelvalledeaguascalientes.online\/index.php?rest_route=\/wp\/v2\/posts\/12460\/revisions\/12462"}],"wp:featuredmedia":[{"embeddable":true,"href":"https:\/\/informativoelvalledeaguascalientes.online\/index.php?rest_route=\/wp\/v2\/media\/12461"}],"wp:attachment":[{"href":"https:\/\/informativoelvalledeaguascalientes.online\/index.php?rest_route=%2Fwp%2Fv2%2Fmedia&parent=12460"}],"wp:term":[{"taxonomy":"category","embeddable":true,"href":"https:\/\/informativoelvalledeaguascalientes.online\/index.php?rest_route=%2Fwp%2Fv2%2Fcategories&post=12460"},{"taxonomy":"post_tag","embeddable":true,"href":"https:\/\/informativoelvalledeaguascalientes.online\/index.php?rest_route=%2Fwp%2Fv2%2Ftags&post=12460"}],"curies":[{"name":"wp","href":"https:\/\/api.w.org\/{rel}","templated":true}]}}