{"id":12457,"date":"2020-10-10T20:10:43","date_gmt":"2020-10-11T02:10:43","guid":{"rendered":"https:\/\/informativoelvalledeaguascalientes.online\/?p=12457"},"modified":"2020-10-10T20:10:43","modified_gmt":"2020-10-11T02:10:43","slug":"entrega-martin-orozco-obras-como-parte-de-la-reactivacion-economica-en-en-municipios","status":"publish","type":"post","link":"https:\/\/informativoelvalledeaguascalientes.online\/?p=12457","title":{"rendered":"ENTREGA MART\u00cdN OROZCO OBRAS COMO PARTE DE LA REACTIVACI\u00d3N ECON\u00d3MICA EN EN MUNICIPIOS\u00a0\u00a0"},"content":{"rendered":"<ul>\n<li dir=\"ltr\">\n<p dir=\"ltr\">El gobernador inaugur\u00f3 la construcci\u00f3n de pavimento, guarniciones y banquetas en calles del Programa Emergente de Obra P\u00fablica\u00a0 ante COVID-19<\/p>\n<\/li>\n<li dir=\"ltr\">\n<p dir=\"ltr\">Gracias a los ahorros y buen manejo de los recursos, se lograron ampliar el n\u00famero de calles rehabilitadas<\/p>\n<\/li>\n<\/ul>\n<p>&nbsp;<\/p>\n<p dir=\"ltr\">El gobernador Mart\u00edn Orozco Sandoval entreg\u00f3 en comunidades de los municipios de San Francisco de los Romo, Pabell\u00f3n de Arteaga y Jes\u00fas Mar\u00eda, la rehabilitaci\u00f3n de calles, como parte del Programa Emergente ante la Contingencia por COVID-19, mismo que impuls\u00f3 la reactivaci\u00f3n econ\u00f3mica y la generaci\u00f3n de empleos.<\/p>\n<p>&nbsp;<\/p>\n<p dir=\"ltr\">Al recorrer las colonias beneficiadas e inaugurar las calles, el mandatario se\u00f1al\u00f3 que estas obras se realizaron con un doble prop\u00f3sito, el primero de ellos para mejorar las condiciones y el entorno de las familias, y el segundo para reactivar el sector construcci\u00f3n y todas sus ramas, especialmente cuando iniciaron las afectaciones econ\u00f3micas por la pandemia.<\/p>\n<p>&nbsp;<\/p>\n<p dir=\"ltr\">Orozco Sandoval destac\u00f3 que los proyectos del Plan Emergente beneficiaron a los 10 municipios del interior, mismos que sin duda, elevar\u00e1n la calidad de vida de las y los aguascalentenses.<\/p>\n<p>&nbsp;<\/p>\n<p dir=\"ltr\">Cabe se\u00f1alar que en San Francisco de los Romo se rehabilitaron las calles Jos\u00e9 Mar\u00eda Morelos,\u00a0 Enrique Olivares Santana y Cuauht\u00e9moc Sur, en la localidad La Escondida<\/p>\n<p>&nbsp;<\/p>\n<p dir=\"ltr\">Adem\u00e1s, gracias al buen manejo de los recursos y a los ahorros ejercidos, la Secretar\u00eda de Obras P\u00fablicas llev\u00f3 a cabo dos obras m\u00e1s en dicho ayuntamiento, en las calles Antonio Femat y G\u00e1mez Orozco.<\/p>\n<p>&nbsp;<\/p>\n<p dir=\"ltr\">En el municipio de Pabell\u00f3n de Arteaga, se trabaj\u00f3 en la calle lateral Carretera 71 en Las \u00c1nimas; as\u00ed como en la llamada Arturo Robles y Teodoro Olivares en la comunidad Hacienda de Letras. Por \u00faltimo, en Jes\u00fas Mar\u00eda la calle Los Ram\u00edrez en la Colonia Ojos de Agua.<\/p>\n<p>&nbsp;<\/p>\n<p dir=\"ltr\">Cabe se\u00f1alar que las adecuaciones consisten en construcci\u00f3n de pavimento, guarniciones y banquetas, rehabilitaci\u00f3n de tomas de agua y descargas sanitarias. La inversi\u00f3n total fue cercana a los 10 millones de pesos y se generaron m\u00e1s de 150 empleos.<\/p>\n","protected":false},"excerpt":{"rendered":"<p>El gobernador inaugur\u00f3 la construcci\u00f3n de pavimento, guarniciones y banquetas en calles del Programa Emergente de Obra P\u00fablica\u00a0 ante COVID-19 Gracias a los ahorros y buen manejo de los recursos, se lograron ampliar el n\u00famero de calles rehabilitadas &nbsp; El gobernador Mart\u00edn Orozco Sandoval entreg\u00f3 en comunidades de los municipios de San Francisco de los [&hellip;]<\/p>\n","protected":false},"author":1,"featured_media":12458,"comment_status":"closed","ping_status":"open","sticky":false,"template":"","format":"standard","meta":{"advanced_seo_description":"","jetpack_seo_html_title":"","jetpack_seo_noindex":false,"_jetpack_memberships_contains_paid_content":false,"footnotes":"","jetpack_publicize_message":"","jetpack_publicize_feature_enabled":true,"jetpack_social_post_already_shared":true,"jetpack_social_options":{"image_generator_settings":{"template":"highway","default_image_id":0,"font":"","enabled":false},"version":2}},"categories":[21,4],"tags":[22,31,46],"class_list":["post-12457","post","type-post","status-publish","format-standard","has-post-thumbnail","hentry","category-aguascalientes","category-gobierno-del-estado-aguascalientes","tag-aguascalientes","tag-mos","tag-sop"],"jetpack_publicize_connections":[],"jetpack_featured_media_url":"https:\/\/i0.wp.com\/informativoelvalledeaguascalientes.online\/wp-content\/uploads\/2020\/10\/mos_sop_10102020.jpg?fit=1280%2C853&ssl=1","jetpack-related-posts":[],"jetpack_sharing_enabled":true,"jetpack_likes_enabled":true,"_links":{"self":[{"href":"https:\/\/informativoelvalledeaguascalientes.online\/index.php?rest_route=\/wp\/v2\/posts\/12457","targetHints":{"allow":["GET"]}}],"collection":[{"href":"https:\/\/informativoelvalledeaguascalientes.online\/index.php?rest_route=\/wp\/v2\/posts"}],"about":[{"href":"https:\/\/informativoelvalledeaguascalientes.online\/index.php?rest_route=\/wp\/v2\/types\/post"}],"author":[{"embeddable":true,"href":"https:\/\/informativoelvalledeaguascalientes.online\/index.php?rest_route=\/wp\/v2\/users\/1"}],"replies":[{"embeddable":true,"href":"https:\/\/informativoelvalledeaguascalientes.online\/index.php?rest_route=%2Fwp%2Fv2%2Fcomments&post=12457"}],"version-history":[{"count":1,"href":"https:\/\/informativoelvalledeaguascalientes.online\/index.php?rest_route=\/wp\/v2\/posts\/12457\/revisions"}],"predecessor-version":[{"id":12459,"href":"https:\/\/informativoelvalledeaguascalientes.online\/index.php?rest_route=\/wp\/v2\/posts\/12457\/revisions\/12459"}],"wp:featuredmedia":[{"embeddable":true,"href":"https:\/\/informativoelvalledeaguascalientes.online\/index.php?rest_route=\/wp\/v2\/media\/12458"}],"wp:attachment":[{"href":"https:\/\/informativoelvalledeaguascalientes.online\/index.php?rest_route=%2Fwp%2Fv2%2Fmedia&parent=12457"}],"wp:term":[{"taxonomy":"category","embeddable":true,"href":"https:\/\/informativoelvalledeaguascalientes.online\/index.php?rest_route=%2Fwp%2Fv2%2Fcategories&post=12457"},{"taxonomy":"post_tag","embeddable":true,"href":"https:\/\/informativoelvalledeaguascalientes.online\/index.php?rest_route=%2Fwp%2Fv2%2Ftags&post=12457"}],"curies":[{"name":"wp","href":"https:\/\/api.w.org\/{rel}","templated":true}]}}