{"id":12387,"date":"2020-10-08T16:33:26","date_gmt":"2020-10-08T22:33:26","guid":{"rendered":"https:\/\/informativoelvalledeaguascalientes.online\/?p=12387"},"modified":"2020-10-08T16:33:26","modified_gmt":"2020-10-08T22:33:26","slug":"ruta-31-de-transporte-publico-urbano-se-fusionara-con-la-9-para-robustecer-atencion-a-usuarios-de-palomino-dena-cumbres-iii-la-florida-i-y-ii","status":"publish","type":"post","link":"https:\/\/informativoelvalledeaguascalientes.online\/?p=12387","title":{"rendered":"RUTA 31 DE TRANSPORTE P\u00daBLICO URBANO SE FUSIONAR\u00c1 CON LA 9 PARA ROBUSTECER ATENCI\u00d3N A USUARIOS DE PALOMINO DENA, CUMBRES III, LA FLORIDA I Y II"},"content":{"rendered":"<ul>\n<li dir=\"ltr\">\n<p dir=\"ltr\">Los nuevos recorridos en la ruta 9 ser\u00e1n efectivos a partir del domingo 11 de octubre<\/p>\n<\/li>\n<li dir=\"ltr\">\n<p dir=\"ltr\">El nuevo mapa de recorrido de la ruta 9 se podr\u00e1 consultar en las cuentas oficiales en Facebook, Twitter e Instagram de la CMOV<\/p>\n<\/li>\n<\/ul>\n<p dir=\"ltr\">La Coordinaci\u00f3n General de Movilidad (CMOV), en respuesta a la demanda de usuarios del transporte p\u00fablico urbano que diariamente se trasladan hacia la zona nororiente de la ciudad capital, espec\u00edficamente a colonias como Palomino Dena, Cumbres III, as\u00ed como La Florida I y II, a partir del domingo 11 de octubre fusionar\u00e1 la ruta 31 con la n\u00famero 9, incrementando as\u00ed la cobertura al atender a vecinos de estos fraccionamientos.<\/p>\n<p dir=\"ltr\">Para la ruta 9 se dispondr\u00e1n de 20 unidades de transporte p\u00fablico para el recorrido Mahatma Gandhi-Los Laureles en ambos sentidos, en donde se adiciona un trayecto que sube hacia Boulevard Guadalupano en su cruce con la avenida Paseo de la Cuesta, donde luego dobla hacia Paseo de la Cueva, para posteriormente incorporarse hacia Mart\u00edn Pescador, volver a Boulevard Guadalupano y seguir con su recorrido habitual.<\/p>\n<p dir=\"ltr\">Se destinar\u00e1n tambi\u00e9n cuatro unidades que atender\u00e1n usuarios de la colonia Cumbres III en su recorrido hacia la Florida, las cuales saldr\u00e1n a partir de las seis de la ma\u00f1ana desde la calle Miguel Alem\u00e1n, para posteriormente doblar hacia la avenida Efra\u00edn Gonz\u00e1lez Luna e incorporarse en Boulevard Guadalupano.<\/p>\n<p dir=\"ltr\">Cabe mencionar que el nuevo mapa de la ruta 9 podr\u00e1 consultarse en la cuenta oficial de Facebook de la CMOV (<a href=\"https:\/\/www.facebook.com\/MovAgs\" target=\"_blank\" rel=\"noopener noreferrer\" data-saferedirecturl=\"https:\/\/www.google.com\/url?q=https:\/\/www.facebook.com\/MovAgs&amp;source=gmail&amp;ust=1602273912986000&amp;usg=AFQjCNFnBqagmeGNTGAff7-C2Na_pfyr2g\">https:\/\/www.facebook.com\/<wbr \/>MovAgs<\/a>), Twitter (<a href=\"https:\/\/twitter.com\/CmovAgs\" target=\"_blank\" rel=\"noopener noreferrer\" data-saferedirecturl=\"https:\/\/www.google.com\/url?q=https:\/\/twitter.com\/CmovAgs&amp;source=gmail&amp;ust=1602273912986000&amp;usg=AFQjCNGdDrZh3jk_ooq043OO3cbtlrOS4g\">https:\/\/twitter.com\/CmovAgs<\/a>), as\u00ed como en Instagram MovilidadAgs.<\/p>\n","protected":false},"excerpt":{"rendered":"<p>Los nuevos recorridos en la ruta 9 ser\u00e1n efectivos a partir del domingo 11 de octubre El nuevo mapa de recorrido de la ruta 9 se podr\u00e1 consultar en las cuentas oficiales en Facebook, Twitter e Instagram de la CMOV La Coordinaci\u00f3n General de Movilidad (CMOV), en respuesta a la demanda de usuarios del transporte [&hellip;]<\/p>\n","protected":false},"author":1,"featured_media":12388,"comment_status":"closed","ping_status":"open","sticky":false,"template":"","format":"standard","meta":{"advanced_seo_description":"","jetpack_seo_html_title":"","jetpack_seo_noindex":false,"_jetpack_memberships_contains_paid_content":false,"footnotes":"","jetpack_publicize_message":"","jetpack_publicize_feature_enabled":true,"jetpack_social_post_already_shared":true,"jetpack_social_options":{"image_generator_settings":{"template":"highway","default_image_id":0,"font":"","enabled":false},"version":2}},"categories":[21,4],"tags":[22,53],"class_list":["post-12387","post","type-post","status-publish","format-standard","has-post-thumbnail","hentry","category-aguascalientes","category-gobierno-del-estado-aguascalientes","tag-aguascalientes","tag-cmov"],"jetpack_publicize_connections":[],"jetpack_featured_media_url":"https:\/\/i0.wp.com\/informativoelvalledeaguascalientes.online\/wp-content\/uploads\/2020\/10\/cmov_08102020.png?fit=428%2C625&ssl=1","jetpack-related-posts":[],"jetpack_sharing_enabled":true,"jetpack_likes_enabled":true,"_links":{"self":[{"href":"https:\/\/informativoelvalledeaguascalientes.online\/index.php?rest_route=\/wp\/v2\/posts\/12387","targetHints":{"allow":["GET"]}}],"collection":[{"href":"https:\/\/informativoelvalledeaguascalientes.online\/index.php?rest_route=\/wp\/v2\/posts"}],"about":[{"href":"https:\/\/informativoelvalledeaguascalientes.online\/index.php?rest_route=\/wp\/v2\/types\/post"}],"author":[{"embeddable":true,"href":"https:\/\/informativoelvalledeaguascalientes.online\/index.php?rest_route=\/wp\/v2\/users\/1"}],"replies":[{"embeddable":true,"href":"https:\/\/informativoelvalledeaguascalientes.online\/index.php?rest_route=%2Fwp%2Fv2%2Fcomments&post=12387"}],"version-history":[{"count":1,"href":"https:\/\/informativoelvalledeaguascalientes.online\/index.php?rest_route=\/wp\/v2\/posts\/12387\/revisions"}],"predecessor-version":[{"id":12389,"href":"https:\/\/informativoelvalledeaguascalientes.online\/index.php?rest_route=\/wp\/v2\/posts\/12387\/revisions\/12389"}],"wp:featuredmedia":[{"embeddable":true,"href":"https:\/\/informativoelvalledeaguascalientes.online\/index.php?rest_route=\/wp\/v2\/media\/12388"}],"wp:attachment":[{"href":"https:\/\/informativoelvalledeaguascalientes.online\/index.php?rest_route=%2Fwp%2Fv2%2Fmedia&parent=12387"}],"wp:term":[{"taxonomy":"category","embeddable":true,"href":"https:\/\/informativoelvalledeaguascalientes.online\/index.php?rest_route=%2Fwp%2Fv2%2Fcategories&post=12387"},{"taxonomy":"post_tag","embeddable":true,"href":"https:\/\/informativoelvalledeaguascalientes.online\/index.php?rest_route=%2Fwp%2Fv2%2Ftags&post=12387"}],"curies":[{"name":"wp","href":"https:\/\/api.w.org\/{rel}","templated":true}]}}