{"id":12381,"date":"2020-10-08T16:14:06","date_gmt":"2020-10-08T22:14:06","guid":{"rendered":"https:\/\/informativoelvalledeaguascalientes.online\/?p=12381"},"modified":"2020-10-08T16:14:06","modified_gmt":"2020-10-08T22:14:06","slug":"acude-mos-a-supervisar-la-dinamica-del-programa-en-accion-contigo-en-san-francisco-de-los-romo","status":"publish","type":"post","link":"https:\/\/informativoelvalledeaguascalientes.online\/?p=12381","title":{"rendered":"ACUDE MOS A SUPERVISAR LA DIN\u00c1MICA DEL PROGRAMA EN ACCI\u00d3N CONTIGO EN SAN FRANCISCO DE LOS ROMO"},"content":{"rendered":"<ul>\n<li dir=\"ltr\">\n<p dir=\"ltr\">Se busca la promoci\u00f3n y el fomento de valores entre las comunidades<\/p>\n<\/li>\n<li dir=\"ltr\">\n<p dir=\"ltr\">Las acciones en beneficio del desarrollo personal y comunitario son recompensadas con apoyos estatales<\/p>\n<\/li>\n<\/ul>\n<p dir=\"ltr\">Bajo un nuevo esquema de desarrollo que permita a las personas mejorar sus condiciones de vida, su entorno y sus relaciones con familiares y vecinos, a trav\u00e9s del esfuerzo conjunto y personal, el gobernador Mart\u00edn Orozco Sandoval instruy\u00f3 la implementaci\u00f3n de programas que fomenten el trabajo, la solidaridad y el compa\u00f1erismo.<\/p>\n<p dir=\"ltr\">Por ello, el mandatario estatal acudi\u00f3 al Centro Crecer de San Francisco de los Romo para comprobar c\u00f3mo se est\u00e1 llevando en este municipio el programa En Acci\u00f3n Contigo, el cual est\u00e1 acercando a la ciudadan\u00eda herramientas que permitan su \u00edntegro desenvolvimiento en materia de salud, vivienda, autoempleo, capacitaci\u00f3n, educaci\u00f3n, entre otros.<\/p>\n<p dir=\"ltr\">Orozco Sandoval, en su mensaje a las y los aguascalentenses que acudieron al Centro Crecer a intercambiar sus oros por apoyos de diversas \u00edndoles, record\u00f3 que una sociedad sana es aquella que se muestra participativa ante aquellas peque\u00f1as acciones que, en mancuerna, mejoran el entorno gracias al aporte de cada persona.<\/p>\n<p dir=\"ltr\">El gobernador invit\u00f3 a no perder aquellos valores de solidaridad que distingu\u00edan a los barrios a\u00f1os atr\u00e1s, y precis\u00f3 que el esfuerzo conjunto as\u00ed como el que cada uno imprime en su d\u00eda a d\u00eda, traen grandes satisfacciones y recompensas.<\/p>\n<p dir=\"ltr\">Por su parte, el secretario de Desarrollo Social del Estado, Marco Aurelio Hern\u00e1ndez P\u00e9rez, destac\u00f3 que la instrucci\u00f3n del gobernador ha sido muy precisa: acercarse a la ciudadan\u00eda, escuchar sus necesidades y fomentar en ella la participaci\u00f3n proactiva, ya que si bien los recursos son limitados, las ganas de ser mejores no conocen l\u00edmites.<\/p>\n<p dir=\"ltr\">A trav\u00e9s de este nuevo esquema, el gobierno estatal brinda a las familias apoyos como consultas m\u00e9dicas, becas educativas, asesor\u00edas jur\u00eddicas, descuentos y est\u00edmulos en tr\u00e1mites, as\u00ed como aditamentos para mejora de vivienda, despensas y medicamentos, todo como un intercambio por horas de labores sociales, cursos, capacitacitaciones, entre otras.<\/p>\n","protected":false},"excerpt":{"rendered":"<p>Se busca la promoci\u00f3n y el fomento de valores entre las comunidades Las acciones en beneficio del desarrollo personal y comunitario son recompensadas con apoyos estatales Bajo un nuevo esquema de desarrollo que permita a las personas mejorar sus condiciones de vida, su entorno y sus relaciones con familiares y vecinos, a trav\u00e9s del esfuerzo [&hellip;]<\/p>\n","protected":false},"author":1,"featured_media":12382,"comment_status":"closed","ping_status":"open","sticky":false,"template":"","format":"standard","meta":{"advanced_seo_description":"","jetpack_seo_html_title":"","jetpack_seo_noindex":false,"_jetpack_memberships_contains_paid_content":false,"footnotes":"","jetpack_publicize_message":"","jetpack_publicize_feature_enabled":true,"jetpack_social_post_already_shared":true,"jetpack_social_options":{"image_generator_settings":{"template":"highway","default_image_id":0,"font":"","enabled":false},"version":2}},"categories":[21,4],"tags":[22,353,31],"class_list":["post-12381","post","type-post","status-publish","format-standard","has-post-thumbnail","hentry","category-aguascalientes","category-gobierno-del-estado-aguascalientes","tag-aguascalientes","tag-centro-crecer","tag-mos"],"jetpack_publicize_connections":[],"jetpack_featured_media_url":"https:\/\/i0.wp.com\/informativoelvalledeaguascalientes.online\/wp-content\/uploads\/2020\/10\/mos_crecer_08102020.jpg?fit=814%2C625&ssl=1","jetpack-related-posts":[],"jetpack_sharing_enabled":true,"jetpack_likes_enabled":true,"_links":{"self":[{"href":"https:\/\/informativoelvalledeaguascalientes.online\/index.php?rest_route=\/wp\/v2\/posts\/12381","targetHints":{"allow":["GET"]}}],"collection":[{"href":"https:\/\/informativoelvalledeaguascalientes.online\/index.php?rest_route=\/wp\/v2\/posts"}],"about":[{"href":"https:\/\/informativoelvalledeaguascalientes.online\/index.php?rest_route=\/wp\/v2\/types\/post"}],"author":[{"embeddable":true,"href":"https:\/\/informativoelvalledeaguascalientes.online\/index.php?rest_route=\/wp\/v2\/users\/1"}],"replies":[{"embeddable":true,"href":"https:\/\/informativoelvalledeaguascalientes.online\/index.php?rest_route=%2Fwp%2Fv2%2Fcomments&post=12381"}],"version-history":[{"count":1,"href":"https:\/\/informativoelvalledeaguascalientes.online\/index.php?rest_route=\/wp\/v2\/posts\/12381\/revisions"}],"predecessor-version":[{"id":12383,"href":"https:\/\/informativoelvalledeaguascalientes.online\/index.php?rest_route=\/wp\/v2\/posts\/12381\/revisions\/12383"}],"wp:featuredmedia":[{"embeddable":true,"href":"https:\/\/informativoelvalledeaguascalientes.online\/index.php?rest_route=\/wp\/v2\/media\/12382"}],"wp:attachment":[{"href":"https:\/\/informativoelvalledeaguascalientes.online\/index.php?rest_route=%2Fwp%2Fv2%2Fmedia&parent=12381"}],"wp:term":[{"taxonomy":"category","embeddable":true,"href":"https:\/\/informativoelvalledeaguascalientes.online\/index.php?rest_route=%2Fwp%2Fv2%2Fcategories&post=12381"},{"taxonomy":"post_tag","embeddable":true,"href":"https:\/\/informativoelvalledeaguascalientes.online\/index.php?rest_route=%2Fwp%2Fv2%2Ftags&post=12381"}],"curies":[{"name":"wp","href":"https:\/\/api.w.org\/{rel}","templated":true}]}}