{"id":12372,"date":"2020-10-08T15:58:10","date_gmt":"2020-10-08T21:58:10","guid":{"rendered":"https:\/\/informativoelvalledeaguascalientes.online\/?p=12372"},"modified":"2020-10-08T15:58:10","modified_gmt":"2020-10-08T21:58:10","slug":"participacion-de-los-jovenes-y-la-ciencia-vital-para-una-nueva-era-del-campo-mos","status":"publish","type":"post","link":"https:\/\/informativoelvalledeaguascalientes.online\/?p=12372","title":{"rendered":"PARTICIPACI\u00d3N DE LOS J\u00d3VENES Y LA CIENCIA, VITAL PARA UNA NUEVA ERA DEL CAMPO: MOS"},"content":{"rendered":"<ul>\n<li dir=\"ltr\">\n<p dir=\"ltr\">Se organiz\u00f3 el Foro Internacional: \u201cEl futuro de la Agrotecnolog\u00eda\u201d, con la finalidad de establecer una curr\u00edcula para la nueva carrera en el CONALEP Aguascalientes<\/p>\n<\/li>\n<li dir=\"ltr\">\n<p dir=\"ltr\">Ahorro del agua, disminuci\u00f3n en el uso de agroqu\u00edmicos, aprovechamiento intensivo de mano de obra y producci\u00f3n de alimentos org\u00e1nicos son temas actuales en el campo<\/p>\n<\/li>\n<li dir=\"ltr\">\n<p dir=\"ltr\">Importante aprovechar las oportunidades que se abren con el T-MEC para exportar productos con valor agregado<\/p>\n<\/li>\n<\/ul>\n<p dir=\"ltr\">La transformaci\u00f3n del campo\u00a0 que se desarrolla en Aguascalientes, debe partir de la aplicaci\u00f3n de la ciencia y la t\u00e9cnica en el\u00a0sector agr\u00edcola, pues el objetivo es aumentar la productividad, rentabilidad y competencia de nuestro campo, convirti\u00e9ndolo en un semillero econ\u00f3mico.<\/p>\n<p dir=\"ltr\">As\u00ed lo destac\u00f3 Mart\u00edn Orozco Sandoval, gobernador de Aguascalientes, al participar en el Foro Internacional: &#8220;El futuro de la Agrotecnolog\u00eda&#8221; organizado por el Colegio Nacional de Educaci\u00f3n Profesional T\u00e9cnica (CONALEP), con el objetivo desarrollar un plan de estudios acorde y oportuno para la carrera de Profesionales T\u00e9cnicos en Agrotecnolog\u00eda que est\u00e1 pr\u00f3xima a iniciar en Aguascalientes.<\/p>\n<p dir=\"ltr\">Mart\u00edn Orozco destac\u00f3 la importancia de que la juventud incursione en esta nueva din\u00e1mica del campo; modernizando e innovando con procesos como la reconversi\u00f3n de cultivos, la tecnificaci\u00f3n de los sistemas h\u00eddricos y la adici\u00f3n de valor a la materia prima con productos derivados que puedan ser m\u00e1s rentables.<\/p>\n<p dir=\"ltr\">El gobernador apunt\u00f3 adem\u00e1s, que con los nuevos tratados comerciales con Am\u00e9rica del Norte, se deben aprovechar las nuevas oportunidades para la exportaci\u00f3n de productos agropecuarios, fortaleciendo el desarrollo de las econom\u00edas familiares del estado, la regi\u00f3n y el pa\u00eds.<\/p>\n<p dir=\"ltr\">Por su parte, Manuel Alejandro Gonz\u00e1lez Mart\u00ednez, secretario de Desarrollo Econ\u00f3mico del Estado, particip\u00f3 tambi\u00e9n en este foro para presentar temas a tomar en cuenta en esta nueva carrera; resaltando que gran parte de la trascendencia en las estrategias de modernizaci\u00f3n del campo radican en adaptarse a las nuevas pr\u00e1cticas de consumo y las necesidades del contexto actual: ahorro del agua, evitar o disminuir el uso de agroqu\u00edmicos, aprovechamiento intensivo de mano de obra y producci\u00f3n de alimentos org\u00e1nicos as\u00ed como m\u00e1s amigables con el Medio Ambiente.<\/p>\n<p dir=\"ltr\">Por su parte el director de CONALEP Aguascalientes, Manuel Appendini Carrera, dio a conocer que el Foro se extender\u00e1 hasta el d\u00eda 9 de este mes y participar\u00e1n expertos en la materia de M\u00e9xico y otras partes del mundo, c\u00f3mo: Julio Antonio Berdegu\u00e9, Subdirector General de la Organizaci\u00f3n de las Naciones Unidas para la Alimentaci\u00f3n y la Agricultura (FAO); as\u00ed como ponentes de Espa\u00f1a, Israel y Am\u00e9rica Latina.<\/p>\n","protected":false},"excerpt":{"rendered":"<p>Se organiz\u00f3 el Foro Internacional: \u201cEl futuro de la Agrotecnolog\u00eda\u201d, con la finalidad de establecer una curr\u00edcula para la nueva carrera en el CONALEP Aguascalientes Ahorro del agua, disminuci\u00f3n en el uso de agroqu\u00edmicos, aprovechamiento intensivo de mano de obra y producci\u00f3n de alimentos org\u00e1nicos son temas actuales en el campo Importante aprovechar las oportunidades [&hellip;]<\/p>\n","protected":false},"author":1,"featured_media":12373,"comment_status":"closed","ping_status":"open","sticky":false,"template":"","format":"standard","meta":{"advanced_seo_description":"","jetpack_seo_html_title":"","jetpack_seo_noindex":false,"_jetpack_memberships_contains_paid_content":false,"footnotes":"","jetpack_publicize_message":"","jetpack_publicize_feature_enabled":true,"jetpack_social_post_already_shared":true,"jetpack_social_options":{"image_generator_settings":{"template":"highway","default_image_id":0,"font":"","enabled":false},"version":2}},"categories":[21,4],"tags":[22,31,104],"class_list":["post-12372","post","type-post","status-publish","format-standard","has-post-thumbnail","hentry","category-aguascalientes","category-gobierno-del-estado-aguascalientes","tag-aguascalientes","tag-mos","tag-sedec"],"jetpack_publicize_connections":[],"jetpack_featured_media_url":"https:\/\/i0.wp.com\/informativoelvalledeaguascalientes.online\/wp-content\/uploads\/2020\/10\/mos_sedec_08102020.jpg?fit=1280%2C720&ssl=1","jetpack-related-posts":[],"jetpack_sharing_enabled":true,"jetpack_likes_enabled":true,"_links":{"self":[{"href":"https:\/\/informativoelvalledeaguascalientes.online\/index.php?rest_route=\/wp\/v2\/posts\/12372","targetHints":{"allow":["GET"]}}],"collection":[{"href":"https:\/\/informativoelvalledeaguascalientes.online\/index.php?rest_route=\/wp\/v2\/posts"}],"about":[{"href":"https:\/\/informativoelvalledeaguascalientes.online\/index.php?rest_route=\/wp\/v2\/types\/post"}],"author":[{"embeddable":true,"href":"https:\/\/informativoelvalledeaguascalientes.online\/index.php?rest_route=\/wp\/v2\/users\/1"}],"replies":[{"embeddable":true,"href":"https:\/\/informativoelvalledeaguascalientes.online\/index.php?rest_route=%2Fwp%2Fv2%2Fcomments&post=12372"}],"version-history":[{"count":1,"href":"https:\/\/informativoelvalledeaguascalientes.online\/index.php?rest_route=\/wp\/v2\/posts\/12372\/revisions"}],"predecessor-version":[{"id":12374,"href":"https:\/\/informativoelvalledeaguascalientes.online\/index.php?rest_route=\/wp\/v2\/posts\/12372\/revisions\/12374"}],"wp:featuredmedia":[{"embeddable":true,"href":"https:\/\/informativoelvalledeaguascalientes.online\/index.php?rest_route=\/wp\/v2\/media\/12373"}],"wp:attachment":[{"href":"https:\/\/informativoelvalledeaguascalientes.online\/index.php?rest_route=%2Fwp%2Fv2%2Fmedia&parent=12372"}],"wp:term":[{"taxonomy":"category","embeddable":true,"href":"https:\/\/informativoelvalledeaguascalientes.online\/index.php?rest_route=%2Fwp%2Fv2%2Fcategories&post=12372"},{"taxonomy":"post_tag","embeddable":true,"href":"https:\/\/informativoelvalledeaguascalientes.online\/index.php?rest_route=%2Fwp%2Fv2%2Ftags&post=12372"}],"curies":[{"name":"wp","href":"https:\/\/api.w.org\/{rel}","templated":true}]}}