{"id":12358,"date":"2020-10-07T22:54:13","date_gmt":"2020-10-08T04:54:13","guid":{"rendered":"https:\/\/informativoelvalledeaguascalientes.online\/?p=12358"},"modified":"2020-10-07T22:54:13","modified_gmt":"2020-10-08T04:54:13","slug":"tere-jimenez-entrega-obra-de-remodelacion-de-plazuela-y-camellon-en-avenida-independencia","status":"publish","type":"post","link":"https:\/\/informativoelvalledeaguascalientes.online\/?p=12358","title":{"rendered":"TERE JIM\u00c9NEZ ENTREGA OBRA DE REMODELACI\u00d3N DE PLAZUELA Y CAMELL\u00d3N EN AVENIDA INDEPENDENCIA"},"content":{"rendered":"<div class=\"opinion-section opinion-single-cover opinion-indent opinion-overlay\">\n<div class=\"container\">\n<div class=\"section-head row justify-content-center text-center\">\n<div class=\"col-12 col-md-8\">\n<div class=\"section-meta\">La alcaldesa <strong>Tere Jim\u00e9nez<\/strong>\u00a0entreg\u00f3 a vecinos del fraccionamiento El Sol, la rehabilitaci\u00f3n de la Plazuela que consisti\u00f3 en la colocaci\u00f3n de iluminaci\u00f3n led, jardineras con mil 200 plantas, adem\u00e1s de la reconstrucci\u00f3n de banquetas, entre otros.<\/div>\n<\/div>\n<\/div>\n<\/div>\n<\/div>\n<div class=\"opinion-section\">\n<div class=\"container\">\n<div class=\"section-content row justify-content-center\">\n<div class=\"col-12 col-lg-8 opinion-order-1\">\n<article class=\"opinion-post opinion-single post-21314 post type-post status-publish format-standard has-post-thumbnail hentry category-servicios-publicos tag-parque-el-sol tag-recuperacion-de-espacios-publicos\">\n<div class=\"entry-content\">\n<p>Dio a conocer que en esta tarea diaria de recuperar espacios p\u00fablicos tambi\u00e9n intervinieron el camell\u00f3n de Avenida Independencia, en el tramo comprendido entre Petr\u00f3leos Mexicanos y Convenci\u00f3n Norte, transformando por completo la est\u00e9tica urbana en 900 metros lineales donde colindan las colonias Industrial, El Sol y Circunvalaci\u00f3n Norte.<\/p>\n<p>Asimismo\u00a0 se intervino este espacio con el programa \u201cJuntos Coloreando Aguascalientes\u201d, con el que se pintaron decenas de fachadas de hogares.<\/p>\n<p><strong>Tere Jim\u00e9nez<\/strong>\u00a0agradeci\u00f3 a los trabajadores de Servicios P\u00fablicos Municipales, as\u00ed como al personal de Obras P\u00fablicas, quienes hacen posible la rehabilitaci\u00f3n de estos espacios en los que la que las familias pueden realizar activaci\u00f3n f\u00edsica y esparcimiento de forma segura.<\/p>\n<\/div>\n<\/article>\n<\/div>\n<\/div>\n<\/div>\n<\/div>\n","protected":false},"excerpt":{"rendered":"<p>La alcaldesa Tere Jim\u00e9nez\u00a0entreg\u00f3 a vecinos del fraccionamiento El Sol, la rehabilitaci\u00f3n de la Plazuela que consisti\u00f3 en la colocaci\u00f3n de iluminaci\u00f3n led, jardineras con mil 200 plantas, adem\u00e1s de la reconstrucci\u00f3n de banquetas, entre otros. Dio a conocer que en esta tarea diaria de recuperar espacios p\u00fablicos tambi\u00e9n intervinieron el camell\u00f3n de Avenida Independencia, [&hellip;]<\/p>\n","protected":false},"author":1,"featured_media":12359,"comment_status":"closed","ping_status":"open","sticky":false,"template":"","format":"standard","meta":{"advanced_seo_description":"","jetpack_seo_html_title":"","jetpack_seo_noindex":false,"_jetpack_memberships_contains_paid_content":false,"footnotes":"","jetpack_publicize_message":"","jetpack_publicize_feature_enabled":true,"jetpack_social_post_already_shared":true,"jetpack_social_options":{"image_generator_settings":{"template":"highway","default_image_id":0,"font":"","enabled":false},"version":2}},"categories":[21,3],"tags":[22,25],"class_list":["post-12358","post","type-post","status-publish","format-standard","has-post-thumbnail","hentry","category-aguascalientes","category-municipio-aguascalientes","tag-aguascalientes","tag-mpio-aguascalientes"],"jetpack_publicize_connections":[],"jetpack_featured_media_url":"https:\/\/i0.wp.com\/informativoelvalledeaguascalientes.online\/wp-content\/uploads\/2020\/10\/mpio_ags_camellon_07102020.jpg?fit=1620%2C1080&ssl=1","jetpack-related-posts":[],"jetpack_sharing_enabled":true,"jetpack_likes_enabled":true,"_links":{"self":[{"href":"https:\/\/informativoelvalledeaguascalientes.online\/index.php?rest_route=\/wp\/v2\/posts\/12358","targetHints":{"allow":["GET"]}}],"collection":[{"href":"https:\/\/informativoelvalledeaguascalientes.online\/index.php?rest_route=\/wp\/v2\/posts"}],"about":[{"href":"https:\/\/informativoelvalledeaguascalientes.online\/index.php?rest_route=\/wp\/v2\/types\/post"}],"author":[{"embeddable":true,"href":"https:\/\/informativoelvalledeaguascalientes.online\/index.php?rest_route=\/wp\/v2\/users\/1"}],"replies":[{"embeddable":true,"href":"https:\/\/informativoelvalledeaguascalientes.online\/index.php?rest_route=%2Fwp%2Fv2%2Fcomments&post=12358"}],"version-history":[{"count":1,"href":"https:\/\/informativoelvalledeaguascalientes.online\/index.php?rest_route=\/wp\/v2\/posts\/12358\/revisions"}],"predecessor-version":[{"id":12360,"href":"https:\/\/informativoelvalledeaguascalientes.online\/index.php?rest_route=\/wp\/v2\/posts\/12358\/revisions\/12360"}],"wp:featuredmedia":[{"embeddable":true,"href":"https:\/\/informativoelvalledeaguascalientes.online\/index.php?rest_route=\/wp\/v2\/media\/12359"}],"wp:attachment":[{"href":"https:\/\/informativoelvalledeaguascalientes.online\/index.php?rest_route=%2Fwp%2Fv2%2Fmedia&parent=12358"}],"wp:term":[{"taxonomy":"category","embeddable":true,"href":"https:\/\/informativoelvalledeaguascalientes.online\/index.php?rest_route=%2Fwp%2Fv2%2Fcategories&post=12358"},{"taxonomy":"post_tag","embeddable":true,"href":"https:\/\/informativoelvalledeaguascalientes.online\/index.php?rest_route=%2Fwp%2Fv2%2Ftags&post=12358"}],"curies":[{"name":"wp","href":"https:\/\/api.w.org\/{rel}","templated":true}]}}