{"id":12355,"date":"2020-10-07T22:50:15","date_gmt":"2020-10-08T04:50:15","guid":{"rendered":"https:\/\/informativoelvalledeaguascalientes.online\/?p=12355"},"modified":"2020-10-07T22:50:15","modified_gmt":"2020-10-08T04:50:15","slug":"tere-jimenez-pone-en-marcha-linea-morada-de-reuso-de-agua-al-oriente-de-la-ciudad","status":"publish","type":"post","link":"https:\/\/informativoelvalledeaguascalientes.online\/?p=12355","title":{"rendered":"TERE JIM\u00c9NEZ PONE EN MARCHA L\u00cdNEA MORADA DE RE\u00daSO DE AGUA AL ORIENTE DE LA CIUDAD"},"content":{"rendered":"<div class=\"opinion-section opinion-single-cover opinion-indent opinion-overlay\">\n<div class=\"container\">\n<div class=\"section-head row justify-content-center text-center\"><\/div>\n<\/div>\n<\/div>\n<div class=\"opinion-section\">\n<div class=\"container\">\n<div class=\"section-content row justify-content-center\">\n<div class=\"col-12 col-lg-8 opinion-order-1\">\n<article class=\"opinion-post opinion-single post-21251 post type-post status-publish format-standard has-post-thumbnail hentry category-servicios-publicos tag-aguascalientes-sustentable tag-linea-morada-ojo-caliente-la-pona tag-reutilizacion-del-agua\">\n<div class=\"entry-content\">\n<ul>\n<li><strong>Con esta l\u00ednea de conducci\u00f3n se reutilizar\u00e1n m\u00e1s de 2 mil metros c\u00fabicos diarios de agua provenientes de los Antiguos Ba\u00f1os de Ojocaliente, para el riego del Parque La Pona y parte del Corredor Cultural Alameda<\/strong><\/li>\n<\/ul>\n<p><strong>Tere Jim\u00e9nez<\/strong>\u00a0puso en marcha la cuarta l\u00ednea morada de la ciudad, sistema de conducci\u00f3n para el aprovechamiento de aguas grises que dispersar\u00e1 m\u00e1s de 2 mil metros c\u00fabicos diarios del vital l\u00edquido provenientes de las albercas de los Antiguos Ba\u00f1os Termales de Ojocaliente, mismos que servir\u00e1n para el riego de las \u00e1reas verdes del Parque La Pona y una parte del Corredor Cultural Alameda.<\/p>\n<p>La alcaldesa manifest\u00f3 que este proyecto de vanguardia representa un gran paso en la construcci\u00f3n de un Aguascalientes sustentable, que impulsa la cultura del re\u00faso del agua, para lo cual se invirtieron 250 mil pesos a trav\u00e9s de la Secretar\u00eda de Servicios P\u00fablicos Municipales (SSP).<\/p>\n<p>Detall\u00f3 que en la capital est\u00e1n en funcionamiento 4 l\u00edneas moradas, 3 de ellas consolidadas durante su gesti\u00f3n, con lo que se ha logrado obtener grandes beneficios como el ahorro significativo en los costos de riego, disminuci\u00f3n de contaminantes por la reducci\u00f3n en la utilizaci\u00f3n de pipas y sobre todo el cuidado de los recursos naturales.<\/p>\n<p>Durante la inauguraci\u00f3n\u00a0<strong>Tere Jim\u00e9nez<\/strong>\u00a0reconoci\u00f3 a\u00a0<strong>Olga Loyola<\/strong>, representante legal de los Antiguos Ba\u00f1os Termales de Ojocaliente, por su disposici\u00f3n para donar este vital l\u00edquido que permitir\u00e1 mantener con vida 6 mil 250 metros de vegetaci\u00f3n en esta zona de la ciudad.<\/p>\n<p><strong>Miriam Rodr\u00edguez Tiscare\u00f1o<\/strong>, titular de la SSP, inform\u00f3 que este conducto de agua tratada tiene una longitud de 530 metros lineales que atraviesan prolongaci\u00f3n Alameda, por lo que permitir\u00e1n regar parte del corredor Cultural que se ubica en el camell\u00f3n de esta avenida y el parque La Pona.<\/p>\n<p>Explic\u00f3 que se encuentran funcionando al cien por ciento la L\u00ednea Morada Sauces construida en 2012, la de Parras consolidada en 2017, la de Ciudad Industrial puesta en marcha en 2018 y ahora la de Ojocaliente\u2013La Pona. Gracias a estas l\u00edneas de conducci\u00f3n se aprovechan por segunda vez 2 millones 730 mil litros de agua.<\/p>\n<\/div>\n<\/article>\n<\/div>\n<\/div>\n<\/div>\n<\/div>\n","protected":false},"excerpt":{"rendered":"<p>Con esta l\u00ednea de conducci\u00f3n se reutilizar\u00e1n m\u00e1s de 2 mil metros c\u00fabicos diarios de agua provenientes de los Antiguos Ba\u00f1os de Ojocaliente, para el riego del Parque La Pona y parte del Corredor Cultural Alameda Tere Jim\u00e9nez\u00a0puso en marcha la cuarta l\u00ednea morada de la ciudad, sistema de conducci\u00f3n para el aprovechamiento de aguas [&hellip;]<\/p>\n","protected":false},"author":1,"featured_media":12356,"comment_status":"closed","ping_status":"open","sticky":false,"template":"","format":"standard","meta":{"advanced_seo_description":"","jetpack_seo_html_title":"","jetpack_seo_noindex":false,"_jetpack_memberships_contains_paid_content":false,"footnotes":"","jetpack_publicize_message":"","jetpack_publicize_feature_enabled":true,"jetpack_social_post_already_shared":true,"jetpack_social_options":{"image_generator_settings":{"template":"highway","default_image_id":0,"font":"","enabled":false},"version":2}},"categories":[21,3],"tags":[22,25],"class_list":["post-12355","post","type-post","status-publish","format-standard","has-post-thumbnail","hentry","category-aguascalientes","category-municipio-aguascalientes","tag-aguascalientes","tag-mpio-aguascalientes"],"jetpack_publicize_connections":[],"jetpack_featured_media_url":"https:\/\/i0.wp.com\/informativoelvalledeaguascalientes.online\/wp-content\/uploads\/2020\/10\/mpio_ags_07102020.jpg?fit=1024%2C683&ssl=1","jetpack-related-posts":[],"jetpack_sharing_enabled":true,"jetpack_likes_enabled":true,"_links":{"self":[{"href":"https:\/\/informativoelvalledeaguascalientes.online\/index.php?rest_route=\/wp\/v2\/posts\/12355","targetHints":{"allow":["GET"]}}],"collection":[{"href":"https:\/\/informativoelvalledeaguascalientes.online\/index.php?rest_route=\/wp\/v2\/posts"}],"about":[{"href":"https:\/\/informativoelvalledeaguascalientes.online\/index.php?rest_route=\/wp\/v2\/types\/post"}],"author":[{"embeddable":true,"href":"https:\/\/informativoelvalledeaguascalientes.online\/index.php?rest_route=\/wp\/v2\/users\/1"}],"replies":[{"embeddable":true,"href":"https:\/\/informativoelvalledeaguascalientes.online\/index.php?rest_route=%2Fwp%2Fv2%2Fcomments&post=12355"}],"version-history":[{"count":1,"href":"https:\/\/informativoelvalledeaguascalientes.online\/index.php?rest_route=\/wp\/v2\/posts\/12355\/revisions"}],"predecessor-version":[{"id":12357,"href":"https:\/\/informativoelvalledeaguascalientes.online\/index.php?rest_route=\/wp\/v2\/posts\/12355\/revisions\/12357"}],"wp:featuredmedia":[{"embeddable":true,"href":"https:\/\/informativoelvalledeaguascalientes.online\/index.php?rest_route=\/wp\/v2\/media\/12356"}],"wp:attachment":[{"href":"https:\/\/informativoelvalledeaguascalientes.online\/index.php?rest_route=%2Fwp%2Fv2%2Fmedia&parent=12355"}],"wp:term":[{"taxonomy":"category","embeddable":true,"href":"https:\/\/informativoelvalledeaguascalientes.online\/index.php?rest_route=%2Fwp%2Fv2%2Fcategories&post=12355"},{"taxonomy":"post_tag","embeddable":true,"href":"https:\/\/informativoelvalledeaguascalientes.online\/index.php?rest_route=%2Fwp%2Fv2%2Ftags&post=12355"}],"curies":[{"name":"wp","href":"https:\/\/api.w.org\/{rel}","templated":true}]}}