{"id":12337,"date":"2020-10-07T22:34:13","date_gmt":"2020-10-08T04:34:13","guid":{"rendered":"https:\/\/informativoelvalledeaguascalientes.online\/?p=12337"},"modified":"2020-10-07T22:34:13","modified_gmt":"2020-10-08T04:34:13","slug":"se-reune-dirigencia-estatal-del-pan-ags-con-empresariado-local","status":"publish","type":"post","link":"https:\/\/informativoelvalledeaguascalientes.online\/?p=12337","title":{"rendered":"SE RE\u00daNE DIRIGENCIA ESTATAL DEL PAN AGS. CON EMPRESARIADO LOCAL"},"content":{"rendered":"<ul>\n<li style=\"font-weight: 400;\"><strong>Hoy m\u00e1s que nunca en el PAN tenemos clara la leg\u00edtima exigencia ciudadana de ser los portavoces de sus anhelos y necesidades en todos los \u00e1mbitos: B\u00e1ez Leos<\/strong><strong>.<\/strong><\/li>\n<\/ul>\n<p style=\"font-weight: 400;\"><strong>\u00a0<\/strong><\/p>\n<p style=\"font-weight: 400;\">\nEl presidente del Comit\u00e9 Directivo Estatal del PAN, Gustavo B\u00e1ez Leos, sostuvo varias reuniones con empresarios locales y asociaciones civiles, con quienes particip\u00f3 en el intercambio de opiniones e ideas, adem\u00e1s de que se generaron propuestas para seguir haciendo de Aguascalientes un mejor Estado.<\/p>\n<p style=\"font-weight: 400;\">\n<p style=\"font-weight: 400;\">\u00a0\u00a0\u00a0\u201cHoy m\u00e1s que nunca en el PAN tenemos clara la leg\u00edtima exigencia ciudadana de ser los portavoces de sus anhelos y necesidades en todos los \u00e1mbitos\u201d, puntualiz\u00f3.<\/p>\n<p style=\"font-weight: 400;\">\n<p style=\"font-weight: 400;\">\u00a0\u00a0\u00a0B\u00e1ez Leos, dijo que dichas reuniones con el empresariado local tienen como objetivo el aportar conocimientos, experiencias e ideas para que Aguascalientes contin\u00fae siendo un Estado ejemplo a nivel nacional.<\/p>\n<p style=\"font-weight: 400;\">\n<p style=\"font-weight: 400;\">\u00a0\u00a0\u00a0\u201cEn Acci\u00f3n Nacional estamos comprometidos y convencidos de nuestro ideal de seguir trabajando por una patria ordenada y generosa y una vida mejor y m\u00e1s digna para todas y todos\u201d, se\u00f1al\u00f3.<\/p>\n<p style=\"font-weight: 400;\">\n<p style=\"font-weight: 400;\">\u00a0\u00a0\u00a0Para finalizar, el dirigente panista coment\u00f3 que las charlas con los empresarios y asociaciones civiles es una oportunidad para atender de manera puntual y eficaz sus necesidades desde el \u00e1mbito p\u00fablico.<\/p>\n<p style=\"font-weight: 400;\">\u00a0\u00a0\u00a0Dichas reuniones estuvieron organizadas por Alfonso Jurado, adem\u00e1s de el Arquitecto Noel Mata Atilano y Ricardo Alfredo Serrano Rangel.<\/p>\n","protected":false},"excerpt":{"rendered":"<p>Hoy m\u00e1s que nunca en el PAN tenemos clara la leg\u00edtima exigencia ciudadana de ser los portavoces de sus anhelos y necesidades en todos los \u00e1mbitos: B\u00e1ez Leos. \u00a0 El presidente del Comit\u00e9 Directivo Estatal del PAN, Gustavo B\u00e1ez Leos, sostuvo varias reuniones con empresarios locales y asociaciones civiles, con quienes particip\u00f3 en el intercambio [&hellip;]<\/p>\n","protected":false},"author":1,"featured_media":12338,"comment_status":"closed","ping_status":"open","sticky":false,"template":"","format":"standard","meta":{"advanced_seo_description":"","jetpack_seo_html_title":"","jetpack_seo_noindex":false,"_jetpack_memberships_contains_paid_content":false,"footnotes":"","jetpack_publicize_message":"","jetpack_publicize_feature_enabled":true,"jetpack_social_post_already_shared":true,"jetpack_social_options":{"image_generator_settings":{"template":"highway","default_image_id":0,"font":"","enabled":false},"version":2}},"categories":[21,19,7,6],"tags":[22,43],"class_list":["post-12337","post","type-post","status-publish","format-standard","has-post-thumbnail","hentry","category-aguascalientes","category-informacion-general","category-pan-aguascalientes","category-partidos-politicos","tag-aguascalientes","tag-pan-aguascalientes-cde"],"jetpack_publicize_connections":[],"jetpack_featured_media_url":"https:\/\/i0.wp.com\/informativoelvalledeaguascalientes.online\/wp-content\/uploads\/2020\/10\/pan_ags_cde_07102020.jpg?fit=1024%2C576&ssl=1","jetpack-related-posts":[],"jetpack_sharing_enabled":true,"jetpack_likes_enabled":true,"_links":{"self":[{"href":"https:\/\/informativoelvalledeaguascalientes.online\/index.php?rest_route=\/wp\/v2\/posts\/12337","targetHints":{"allow":["GET"]}}],"collection":[{"href":"https:\/\/informativoelvalledeaguascalientes.online\/index.php?rest_route=\/wp\/v2\/posts"}],"about":[{"href":"https:\/\/informativoelvalledeaguascalientes.online\/index.php?rest_route=\/wp\/v2\/types\/post"}],"author":[{"embeddable":true,"href":"https:\/\/informativoelvalledeaguascalientes.online\/index.php?rest_route=\/wp\/v2\/users\/1"}],"replies":[{"embeddable":true,"href":"https:\/\/informativoelvalledeaguascalientes.online\/index.php?rest_route=%2Fwp%2Fv2%2Fcomments&post=12337"}],"version-history":[{"count":1,"href":"https:\/\/informativoelvalledeaguascalientes.online\/index.php?rest_route=\/wp\/v2\/posts\/12337\/revisions"}],"predecessor-version":[{"id":12339,"href":"https:\/\/informativoelvalledeaguascalientes.online\/index.php?rest_route=\/wp\/v2\/posts\/12337\/revisions\/12339"}],"wp:featuredmedia":[{"embeddable":true,"href":"https:\/\/informativoelvalledeaguascalientes.online\/index.php?rest_route=\/wp\/v2\/media\/12338"}],"wp:attachment":[{"href":"https:\/\/informativoelvalledeaguascalientes.online\/index.php?rest_route=%2Fwp%2Fv2%2Fmedia&parent=12337"}],"wp:term":[{"taxonomy":"category","embeddable":true,"href":"https:\/\/informativoelvalledeaguascalientes.online\/index.php?rest_route=%2Fwp%2Fv2%2Fcategories&post=12337"},{"taxonomy":"post_tag","embeddable":true,"href":"https:\/\/informativoelvalledeaguascalientes.online\/index.php?rest_route=%2Fwp%2Fv2%2Ftags&post=12337"}],"curies":[{"name":"wp","href":"https:\/\/api.w.org\/{rel}","templated":true}]}}