{"id":12334,"date":"2020-10-07T22:31:47","date_gmt":"2020-10-08T04:31:47","guid":{"rendered":"https:\/\/informativoelvalledeaguascalientes.online\/?p=12334"},"modified":"2020-10-07T22:31:47","modified_gmt":"2020-10-08T04:31:47","slug":"en-15-dias-se-abrira-a-la-circulacion-primera-parte-del-distribuidor-vial-americas","status":"publish","type":"post","link":"https:\/\/informativoelvalledeaguascalientes.online\/?p=12334","title":{"rendered":"EN 15 D\u00cdAS SE ABRIR\u00c1 A LA CIRCULACI\u00d3N PRIMERA PARTE DEL DISTRIBUIDOR VIAL AM\u00c9RICAS\u00a0"},"content":{"rendered":"<ul>\n<li dir=\"ltr\">\n<p dir=\"ltr\">La calzada de la Av. Las Am\u00e9ricas y Segundo Anillo ser\u00e1 habilitada para comenzar los trabajos en la parte inferior.<\/p>\n<\/li>\n<li dir=\"ltr\">\n<p dir=\"ltr\">Se construir\u00e1 una glorieta de las dimensiones de ubicada en el \u00c1ngel de la Independencia.<\/p>\n<\/li>\n<li dir=\"ltr\">\n<p dir=\"ltr\">Anuncia SOP arranque de pasos a desnivel en el norte de la ciudad.<\/p>\n<\/li>\n<li dir=\"ltr\">\n<p dir=\"ltr\">Se transmiti\u00f3 la primera emisi\u00f3n del programa Conexi\u00f3n Contigo, una ventana al di\u00e1logo de este gobierno para con la sociedad<\/p>\n<\/li>\n<\/ul>\n<p>&nbsp;<\/p>\n<p dir=\"ltr\">Ser\u00e1 en 15 d\u00edas cuando la calzada ubicada en Av. Las Am\u00e9ricas y Segundo Anillo, que forma parte del proyecto del Distribuidor Vial que se construya en esta zona, se abra a la circulaci\u00f3n en beneficio de los conductores; as\u00ed lo anunci\u00f3 el titular de la Secretar\u00eda de Obras P\u00fablicas (SOP), Noel Mata Atilano durante el arranque del programa Conexi\u00f3n Contigo.<\/p>\n<p>&nbsp;<\/p>\n<p dir=\"ltr\">El funcionario estatal detall\u00f3 que esta apertura permitir\u00e1 al equipo de constructores trabajar en la adecuaci\u00f3n de la glorieta del Papa Juan Pablo Segundo y el Monumento a la Paz. Asimismo, inform\u00f3 que la glorieta tendr\u00e1 las dimensiones de la del \u00c1ngel de la Independencia y que se armonizar\u00e1 con un paisaje urbano de primer mundo.<\/p>\n<p>&nbsp;<\/p>\n<p dir=\"ltr\">\u201cEsta obra va m\u00e1s all\u00e1 de una infraestructura, es una obra dise\u00f1ada y pensada en mejorar la calidad de vida de la sociedad, contar\u00e1 con m\u00e1s de 6 mil 500 metros cuadrados de parque lineal para la convivencia familiar y abonar\u00e1 a la disminuci\u00f3n de emisiones contaminantes\u201d, resalt\u00f3.<\/p>\n<p>&nbsp;<\/p>\n<p dir=\"ltr\">Durante la primera emisi\u00f3n de Conexi\u00f3n Contigo, programa conducido por el coordinador de Comunicaci\u00f3n Social, Jorge L\u00f3pez Mart\u00edn, el titular de la SOP anunci\u00f3 que arrancar\u00e1 en noviembre la construcci\u00f3n del paso a desnivel de Segundo Anillo y la zona de Parras para finalizarlo en junio del 2021. De igual forma, en el mes de diciembre comenzar\u00e1n los trabajos del paso a desnivel en la zona norte de Av. Aguascalientes que comprender\u00e1 desde Av. Independencia hasta Av. Zaragoza, proyecto que ser\u00e1 similar al Distribuidor Vial Am\u00e9ricas y pretende entregarse en septiembre del pr\u00f3ximo a\u00f1o.<\/p>\n<p>&nbsp;<\/p>\n<p dir=\"ltr\">Finalmente, expuso que tambi\u00e9n se avecina la instalaci\u00f3n de semaforizaci\u00f3n inteligente en cinco puntos del Segundo Anillo Oriente, por lo que con esta tecnolog\u00eda se viene a sumar al proyecto de movilidad del gobernador Mart\u00edn Orozco Sandoval.<\/p>\n","protected":false},"excerpt":{"rendered":"<p>La calzada de la Av. Las Am\u00e9ricas y Segundo Anillo ser\u00e1 habilitada para comenzar los trabajos en la parte inferior. Se construir\u00e1 una glorieta de las dimensiones de ubicada en el \u00c1ngel de la Independencia. Anuncia SOP arranque de pasos a desnivel en el norte de la ciudad. Se transmiti\u00f3 la primera emisi\u00f3n del programa [&hellip;]<\/p>\n","protected":false},"author":1,"featured_media":12335,"comment_status":"closed","ping_status":"open","sticky":false,"template":"","format":"standard","meta":{"advanced_seo_description":"","jetpack_seo_html_title":"","jetpack_seo_noindex":false,"_jetpack_memberships_contains_paid_content":false,"footnotes":"","jetpack_publicize_message":"","jetpack_publicize_feature_enabled":true,"jetpack_social_post_already_shared":true,"jetpack_social_options":{"image_generator_settings":{"template":"highway","default_image_id":0,"font":"","enabled":false},"version":2}},"categories":[21,4],"tags":[22,46],"class_list":["post-12334","post","type-post","status-publish","format-standard","has-post-thumbnail","hentry","category-aguascalientes","category-gobierno-del-estado-aguascalientes","tag-aguascalientes","tag-sop"],"jetpack_publicize_connections":[],"jetpack_featured_media_url":"https:\/\/i0.wp.com\/informativoelvalledeaguascalientes.online\/wp-content\/uploads\/2020\/10\/sop_07102020.jpg?fit=1280%2C853&ssl=1","jetpack-related-posts":[],"jetpack_sharing_enabled":true,"jetpack_likes_enabled":true,"_links":{"self":[{"href":"https:\/\/informativoelvalledeaguascalientes.online\/index.php?rest_route=\/wp\/v2\/posts\/12334","targetHints":{"allow":["GET"]}}],"collection":[{"href":"https:\/\/informativoelvalledeaguascalientes.online\/index.php?rest_route=\/wp\/v2\/posts"}],"about":[{"href":"https:\/\/informativoelvalledeaguascalientes.online\/index.php?rest_route=\/wp\/v2\/types\/post"}],"author":[{"embeddable":true,"href":"https:\/\/informativoelvalledeaguascalientes.online\/index.php?rest_route=\/wp\/v2\/users\/1"}],"replies":[{"embeddable":true,"href":"https:\/\/informativoelvalledeaguascalientes.online\/index.php?rest_route=%2Fwp%2Fv2%2Fcomments&post=12334"}],"version-history":[{"count":1,"href":"https:\/\/informativoelvalledeaguascalientes.online\/index.php?rest_route=\/wp\/v2\/posts\/12334\/revisions"}],"predecessor-version":[{"id":12336,"href":"https:\/\/informativoelvalledeaguascalientes.online\/index.php?rest_route=\/wp\/v2\/posts\/12334\/revisions\/12336"}],"wp:featuredmedia":[{"embeddable":true,"href":"https:\/\/informativoelvalledeaguascalientes.online\/index.php?rest_route=\/wp\/v2\/media\/12335"}],"wp:attachment":[{"href":"https:\/\/informativoelvalledeaguascalientes.online\/index.php?rest_route=%2Fwp%2Fv2%2Fmedia&parent=12334"}],"wp:term":[{"taxonomy":"category","embeddable":true,"href":"https:\/\/informativoelvalledeaguascalientes.online\/index.php?rest_route=%2Fwp%2Fv2%2Fcategories&post=12334"},{"taxonomy":"post_tag","embeddable":true,"href":"https:\/\/informativoelvalledeaguascalientes.online\/index.php?rest_route=%2Fwp%2Fv2%2Ftags&post=12334"}],"curies":[{"name":"wp","href":"https:\/\/api.w.org\/{rel}","templated":true}]}}