{"id":12287,"date":"2020-10-06T17:57:54","date_gmt":"2020-10-06T23:57:54","guid":{"rendered":"https:\/\/informativoelvalledeaguascalientes.online\/?p=12287"},"modified":"2020-10-06T17:57:54","modified_gmt":"2020-10-06T23:57:54","slug":"se-reuniran-gobernadores-de-alianza-federalista-en-aguascalientes","status":"publish","type":"post","link":"https:\/\/informativoelvalledeaguascalientes.online\/?p=12287","title":{"rendered":"SE REUNIR\u00c1N GOBERNADORES DE ALIANZA FEDERALISTA EN AGUASCALIENTES\u00a0\u00a0"},"content":{"rendered":"<ul>\n<li dir=\"ltr\">\n<p dir=\"ltr\">El pr\u00f3ximo lunes 12 de octubre se dar\u00e1n cita los 10 gobernadores que la conforman en la ciudad<\/p>\n<\/li>\n<li dir=\"ltr\">\n<p dir=\"ltr\">Los principales temas a abordar ser\u00e1n una mejor asignaci\u00f3n de recursos respetando el pacto federal<\/p>\n<\/li>\n<\/ul>\n<p dir=\"ltr\">Con el objetivo de\u00a0 analizar y generar estrategias conjuntas que permitan llegar a acuerdos con el gobierno federal, que deriven en una asignaci\u00f3n de recursos pertinente para dar respuesta a las necesidades que hoy tienen las familias de M\u00e9xico, los 10 gobernadores integrantes de la Alianza Federalista se reunir\u00e1n en la ciudad de Aguascalientes el pr\u00f3ximo lunes 12 de octubre.<\/p>\n<p dir=\"ltr\">Sobre este pr\u00f3ximo encuentro, el gobernador de Aguascalientes, Mart\u00edn Orozco Sandoval refiri\u00f3 que la Alianza Federalista no quita el dedo del rengl\u00f3n sobre los asuntos prioritarios que se deben abordar con el gobierno federal como son el paquete econ\u00f3mico 2021, as\u00ed como el apoyo a la econom\u00eda y la atenci\u00f3n a la emergencia sanitaria.<\/p>\n<p dir=\"ltr\">De esta manera, los federalistas continuar\u00e1n proponiendo acciones que permitan la realizaci\u00f3n de proyectos primordiales en beneficio de las familias de cada entidad.<\/p>\n<p dir=\"ltr\">Finalmente, Orozco Sandoval apunt\u00f3 que ser\u00e1 un honor recibir en Aguascalientes a los 9 gobernadores de la Alianza, para seguir trabajando de manera propositiva en la construcci\u00f3n de un pa\u00eds que respete el pacto federal y que pueda traer beneficios para la sociedad.<\/p>\n","protected":false},"excerpt":{"rendered":"<p>El pr\u00f3ximo lunes 12 de octubre se dar\u00e1n cita los 10 gobernadores que la conforman en la ciudad Los principales temas a abordar ser\u00e1n una mejor asignaci\u00f3n de recursos respetando el pacto federal Con el objetivo de\u00a0 analizar y generar estrategias conjuntas que permitan llegar a acuerdos con el gobierno federal, que deriven en una [&hellip;]<\/p>\n","protected":false},"author":1,"featured_media":12288,"comment_status":"closed","ping_status":"open","sticky":false,"template":"","format":"standard","meta":{"advanced_seo_description":"","jetpack_seo_html_title":"","jetpack_seo_noindex":false,"_jetpack_memberships_contains_paid_content":false,"footnotes":"","jetpack_publicize_message":"","jetpack_publicize_feature_enabled":true,"jetpack_social_post_already_shared":true,"jetpack_social_options":{"image_generator_settings":{"template":"highway","default_image_id":0,"font":"","enabled":false},"version":2}},"categories":[21,4],"tags":[22,313,31],"class_list":["post-12287","post","type-post","status-publish","format-standard","has-post-thumbnail","hentry","category-aguascalientes","category-gobierno-del-estado-aguascalientes","tag-aguascalientes","tag-alianza-federalista","tag-mos"],"jetpack_publicize_connections":[],"jetpack_featured_media_url":"https:\/\/i0.wp.com\/informativoelvalledeaguascalientes.online\/wp-content\/uploads\/2020\/10\/mos_alianza_06102020.jpg?fit=1280%2C853&ssl=1","jetpack-related-posts":[],"jetpack_sharing_enabled":true,"jetpack_likes_enabled":true,"_links":{"self":[{"href":"https:\/\/informativoelvalledeaguascalientes.online\/index.php?rest_route=\/wp\/v2\/posts\/12287","targetHints":{"allow":["GET"]}}],"collection":[{"href":"https:\/\/informativoelvalledeaguascalientes.online\/index.php?rest_route=\/wp\/v2\/posts"}],"about":[{"href":"https:\/\/informativoelvalledeaguascalientes.online\/index.php?rest_route=\/wp\/v2\/types\/post"}],"author":[{"embeddable":true,"href":"https:\/\/informativoelvalledeaguascalientes.online\/index.php?rest_route=\/wp\/v2\/users\/1"}],"replies":[{"embeddable":true,"href":"https:\/\/informativoelvalledeaguascalientes.online\/index.php?rest_route=%2Fwp%2Fv2%2Fcomments&post=12287"}],"version-history":[{"count":1,"href":"https:\/\/informativoelvalledeaguascalientes.online\/index.php?rest_route=\/wp\/v2\/posts\/12287\/revisions"}],"predecessor-version":[{"id":12289,"href":"https:\/\/informativoelvalledeaguascalientes.online\/index.php?rest_route=\/wp\/v2\/posts\/12287\/revisions\/12289"}],"wp:featuredmedia":[{"embeddable":true,"href":"https:\/\/informativoelvalledeaguascalientes.online\/index.php?rest_route=\/wp\/v2\/media\/12288"}],"wp:attachment":[{"href":"https:\/\/informativoelvalledeaguascalientes.online\/index.php?rest_route=%2Fwp%2Fv2%2Fmedia&parent=12287"}],"wp:term":[{"taxonomy":"category","embeddable":true,"href":"https:\/\/informativoelvalledeaguascalientes.online\/index.php?rest_route=%2Fwp%2Fv2%2Fcategories&post=12287"},{"taxonomy":"post_tag","embeddable":true,"href":"https:\/\/informativoelvalledeaguascalientes.online\/index.php?rest_route=%2Fwp%2Fv2%2Ftags&post=12287"}],"curies":[{"name":"wp","href":"https:\/\/api.w.org\/{rel}","templated":true}]}}