{"id":12243,"date":"2020-10-05T19:47:12","date_gmt":"2020-10-06T01:47:12","guid":{"rendered":"https:\/\/informativoelvalledeaguascalientes.online\/?p=12243"},"modified":"2020-10-05T19:47:12","modified_gmt":"2020-10-06T01:47:12","slug":"exige-tono-martin-del-campo-informacion-clara-y-concisa-sobre-vacuna-para-covid-19","status":"publish","type":"post","link":"https:\/\/informativoelvalledeaguascalientes.online\/?p=12243","title":{"rendered":"EXIGE TO\u00d1O MART\u00cdN DEL CAMPO INFORMACI\u00d3N CLARA Y CONCISA SOBRE VACUNA PARA COVID-19"},"content":{"rendered":"<p>Es necesario conocer cu\u00e1ntas dosis se adquirir\u00e1n, su validaci\u00f3n cient\u00edfica, costo, procedencia y distribuci\u00f3n para garantizar que sea segura y llegue a toda la poblaci\u00f3n<\/p>\n<p>A siete meses de confirmarse el primer caso en nuestro pa\u00eds la pandemia sigue creciendo sin que exista un apoyo real por parte de la Secretar\u00eda de Salud Federal<\/p>\n<p>Al d\u00eda de hoy suman m\u00e1s de 75 mil mexicanos que ha perdido la vida a causa del COVID, cifra que podr\u00eda ser menor de haberse tomado las medidas correspondientes<\/p>\n<p>&nbsp;<\/p>\n<p>To\u00f1o Mart\u00edn del Campo, Senador de la Rep\u00fablica por Aguascalientes, exigi\u00f3 a la Secretar\u00eda de Salud Federal informaci\u00f3n clara y concisa sobre la vacuna contra el COVID-19 que se aplicar\u00e1 en nuestro pa\u00eds para garantizar que sea totalmente segura y sobre todo, que pueda ser accesible a toda la poblaci\u00f3n; as\u00ed lo dio a conocer en rueda de prensa celebrada en esta ciudad capital.<\/p>\n<p>Se\u00f1al\u00f3 que en su reciente comparecencia ante el Senado, Jorge Alcocer Varela, Secretario de Salud afirm\u00f3 que todos los hospitales que se hab\u00edan iniciado en pasados gobiernos hab\u00edan sido concluidos a lo largo de estos dos primeros a\u00f1os de administraci\u00f3n federal, sin embargo al cuestionarle en particular sobre el de Pabell\u00f3n de Arteaga que no ha sido terminado por falta de recursos, eludi\u00f3 la pregunta, tal y como lo hizo con otras tantas.<\/p>\n<p>\u201cVemos con tristeza a un Secretario de Salud que casi nunca sale, \u00e9sta es la primera vez que va al Senado, por lo general siempre manda a L\u00f3pez Gatell y \u00e9l siempre ha estado tras bambalinas, en esta ocasi\u00f3n s\u00ed dio la cara\u201d.<br \/>\nMart\u00edn del Campo aprovech\u00f3 la oportunidad para hacer llegar al funcionario federal un oficio referente al tema de la vacuna para COVID-19 del cual a\u00fan existen una serie de dudas, tales como la cantidad de dosis, su validaci\u00f3n cient\u00edfica, costo, procedencia y distribuci\u00f3n, mismas que deben ser resueltas a la brevedad, y as\u00ed evitar que los mexicanos seamos utilizados como conejillos de indias.<\/p>\n<p>\u201cNo nos han dicho cu\u00e1ntas van a comprar, as\u00ed como los costos, procedimiento y distribuci\u00f3n, esperemos que nos den pronta respuesta y que no se vuelva un caos la vacuna, que su aplicaci\u00f3n no sea sesgada por intereses pol\u00edticos y sea pareja, dando prioridad al sector salud y personas vulnerables\u201d.<\/p>\n<p>Detall\u00f3 que se habla de la llegada de un total de 30 millones de vacunas, sin embargo, considerando que somos 120 millones de habitantes en la Rep\u00fablica Mexicana, \u00e9stas resultar\u00edan insuficientes, dejando sin protecci\u00f3n a 80 millones de personas. Aunado a esto, coment\u00f3 que son ya seis laboratorios que est\u00e1n en fase tres de la prueba por lo que espera que el Gobierno pueda tomar la mejor decisi\u00f3n en cuanto a la adquisici\u00f3n de este biol\u00f3gico.<\/p>\n<p>Cabe hacer menci\u00f3n que hoy hace siete meses se registr\u00f3 el primer caso de COVID en nuestro pa\u00eds, enfermedad que lamentablemente ha cobrado ya la vida de 75 mil mexicanos, cifra que pudo haber sido menor de haberse tomado las medidas preventivas necesarias, sin embargo el Gobierno Federal minimiz\u00f3 durante casi cuatro meses la situaci\u00f3n al no cerrar fronteras ni preparase a pesar de lo que ya estaba ocurriendo en China y Europa.<\/p>\n<p>\u201cEl Presidente ha ca\u00eddo en contradicciones y ha desinformado a la ciudadan\u00eda; son tan recordadas sus frases como: abr\u00e1cense, no pasa nada o no usen cubrebocas, y a pesar de que la pandemia sigue en aumento, el Gobierno a su cargo no ha destinado recursos extraordinarios al sector salud y tampoco ha transferido apoyo para los estados por este tema\u201d.<\/p>\n<p>Por todo lo anterior, To\u00f1o Mart\u00edn del Campo ha externado al titular de la Secretar\u00eda de Salud a nivel Federal la urgencia de dar un giro a la forma en que se ha atendido esta situaci\u00f3n de contingencia para evitar la p\u00e9rdida de m\u00e1s vidas humanas. De igual forma hizo hincapi\u00e9 en la necesidad de que exista una mayor coordinaci\u00f3n entre los gobiernos federal, estatal y municipal en beneficio de la sociedad.<\/p>\n<p>\u201cA pesar de la pandemia llegaron pocos recursos a nuestro estado, hoy m\u00e1s que nunca el presupuesto debe estar dirigido a la salud m\u00e1s all\u00e1 de los cuatro grandes proyectos insignia del presidente, hoy es momento de ver por la salud y la econom\u00eda de los mexicanos\u201d.<\/p>\n<p>Finalmente, el legislador afirm\u00f3 que desde su trinchera se ha dedicado a emitir una serie de iniciativas para garantizar que le vaya bien al pa\u00eds y su gente y precisamente una de \u00e9stas fue un punto de acuerdo el pasado 25 de febrero para exhortar al Secretario de Salud para que expusiera las acciones a implementar para el combate a la pandemia, misma que fue respondida 8 meses despu\u00e9s, lo que habla de la poca importancia que se le est\u00e1 dando a esta situaci\u00f3n.<\/p>\n<p>Otra m\u00e1s de sus propuestas est\u00e1 encaminada a reconocer la invaluable labor del personal m\u00e9dico durante esta situaci\u00f3n por lo que sugiere otorgar un bono salarial de uno a dos meses; adem\u00e1s ha solicitado mayores recursos para incrementar el n\u00famero de pruebas para detectar el COVID y de este modo pueda controlarse de forma m\u00e1s efectiva este virus, por lo que espera contar con el apoyo de la Federaci\u00f3n para poder concretarlas.<\/p>\n","protected":false},"excerpt":{"rendered":"<p>Es necesario conocer cu\u00e1ntas dosis se adquirir\u00e1n, su validaci\u00f3n cient\u00edfica, costo, procedencia y distribuci\u00f3n para garantizar que sea segura y llegue a toda la poblaci\u00f3n A siete meses de confirmarse el primer caso en nuestro pa\u00eds la pandemia sigue creciendo sin que exista un apoyo real por parte de la Secretar\u00eda de Salud Federal Al [&hellip;]<\/p>\n","protected":false},"author":1,"featured_media":12244,"comment_status":"closed","ping_status":"open","sticky":false,"template":"","format":"standard","meta":{"advanced_seo_description":"","jetpack_seo_html_title":"","jetpack_seo_noindex":false,"_jetpack_memberships_contains_paid_content":false,"footnotes":"","jetpack_publicize_message":"","jetpack_publicize_feature_enabled":true,"jetpack_social_post_already_shared":true,"jetpack_social_options":{"image_generator_settings":{"template":"highway","default_image_id":0,"font":"","enabled":false},"version":2}},"categories":[21,19,7,6],"tags":[22,23,49],"class_list":["post-12243","post","type-post","status-publish","format-standard","has-post-thumbnail","hentry","category-aguascalientes","category-informacion-general","category-pan-aguascalientes","category-partidos-politicos","tag-aguascalientes","tag-pan-aguascalientes","tag-tono-martin-del-campo"],"jetpack_publicize_connections":[],"jetpack_featured_media_url":"https:\/\/i0.wp.com\/informativoelvalledeaguascalientes.online\/wp-content\/uploads\/2020\/10\/tmc_salud_05102020.jpg?fit=849%2C624&ssl=1","jetpack-related-posts":[],"jetpack_sharing_enabled":true,"jetpack_likes_enabled":true,"_links":{"self":[{"href":"https:\/\/informativoelvalledeaguascalientes.online\/index.php?rest_route=\/wp\/v2\/posts\/12243","targetHints":{"allow":["GET"]}}],"collection":[{"href":"https:\/\/informativoelvalledeaguascalientes.online\/index.php?rest_route=\/wp\/v2\/posts"}],"about":[{"href":"https:\/\/informativoelvalledeaguascalientes.online\/index.php?rest_route=\/wp\/v2\/types\/post"}],"author":[{"embeddable":true,"href":"https:\/\/informativoelvalledeaguascalientes.online\/index.php?rest_route=\/wp\/v2\/users\/1"}],"replies":[{"embeddable":true,"href":"https:\/\/informativoelvalledeaguascalientes.online\/index.php?rest_route=%2Fwp%2Fv2%2Fcomments&post=12243"}],"version-history":[{"count":1,"href":"https:\/\/informativoelvalledeaguascalientes.online\/index.php?rest_route=\/wp\/v2\/posts\/12243\/revisions"}],"predecessor-version":[{"id":12245,"href":"https:\/\/informativoelvalledeaguascalientes.online\/index.php?rest_route=\/wp\/v2\/posts\/12243\/revisions\/12245"}],"wp:featuredmedia":[{"embeddable":true,"href":"https:\/\/informativoelvalledeaguascalientes.online\/index.php?rest_route=\/wp\/v2\/media\/12244"}],"wp:attachment":[{"href":"https:\/\/informativoelvalledeaguascalientes.online\/index.php?rest_route=%2Fwp%2Fv2%2Fmedia&parent=12243"}],"wp:term":[{"taxonomy":"category","embeddable":true,"href":"https:\/\/informativoelvalledeaguascalientes.online\/index.php?rest_route=%2Fwp%2Fv2%2Fcategories&post=12243"},{"taxonomy":"post_tag","embeddable":true,"href":"https:\/\/informativoelvalledeaguascalientes.online\/index.php?rest_route=%2Fwp%2Fv2%2Ftags&post=12243"}],"curies":[{"name":"wp","href":"https:\/\/api.w.org\/{rel}","templated":true}]}}