{"id":12237,"date":"2020-10-05T19:34:54","date_gmt":"2020-10-06T01:34:54","guid":{"rendered":"https:\/\/informativoelvalledeaguascalientes.online\/?p=12237"},"modified":"2020-10-05T19:34:54","modified_gmt":"2020-10-06T01:34:54","slug":"top-10-para-ruben-ortiz-en-nascar-mexico-queretaro","status":"publish","type":"post","link":"https:\/\/informativoelvalledeaguascalientes.online\/?p=12237","title":{"rendered":"Top-10 para Rub\u00e9n Ort\u00edz en NASCAR M\u00e9xico &#8211; Quer\u00e9taro"},"content":{"rendered":"<p style=\"font-weight: 400;\">El segundo compromiso doble del 2020 lleg\u00f3 para <strong>NASCAR PEAK M\u00e9xico Series<\/strong>\u00a0en donde Rub\u00e9n Ort\u00edz pudo mostrar su avance para salir del aut\u00f3dromo Ecocentro de Quer\u00e9taro, con un valioso Top-10 en la bolsa, el primero tras su regreso a las pistas.<\/p>\n<p style=\"font-weight: 400;\">\n<p style=\"font-weight: 400;\">Lleg\u00f3 la fecha 6 y 7 de NASCAR Challenge, para Rub\u00e9n Ort\u00edz y el auto\u00a0<strong>#57\u00a0<\/strong>con el apoyo de\u00a0<strong>Grand Fiesta Americana \/ Fiesta Inn \/ One Hoteles<\/strong>, segundo reto para el piloto tras su retorno a las pistas, teniendo ganas de revancha; lo cual qued\u00f3 claro en el par de competencias pactadas a 70 giros en el trazado queretano.<\/p>\n<p style=\"font-weight: 400;\">\n<p style=\"font-weight: 400;\">Todo comenzar\u00eda el viernes 2 de octubre en donde Rub\u00e9n tendr\u00eda un fuerte obst\u00e1culo por delante al iniciar en la \u00faltima parte de la parrilla de la categor\u00eda, por lo que el trabajo en carrera ser\u00eda de suma importancia para poder volver a la pelea. Fue as\u00ed como lleg\u00f3 la bandera verde desde la posici\u00f3n 20, desde donde vuelta a vuelta lograr\u00eda una remontada importante para terminar en el lugar 8, 12 escalones por delante del inicial y sumando su primer Top-10 de la presente temporada.<\/p>\n<p style=\"font-weight: 400;\">\n<p style=\"font-weight: 400;\">Ya para el d\u00eda s\u00e1bado, con la parrilla invertida para los primeros 15 puestos generales, Ort\u00edz arrancaba desde la primera fila lo que auguraba otro buen resultado para el capitalino; sin embargo, un contacto lo dejar\u00eda sin posibilidades a falta de 32 giros para la aparici\u00f3n de la bandera a cuadros, algo que deja un sabor agridulce en el equipo.<\/p>\n<p style=\"font-weight: 400;\"><strong><em>\u00a0<\/em><\/strong><\/p>\n<p style=\"font-weight: 400;\"><strong><em>\u201cFue un fin de semana de contrastes en el que lo m\u00e1s importante es el avance que logramos con respecto a lo sucedido en Puebla. Logramos ser competitivos y eso se reflej\u00f3 en el resultado de la primera carrera y en la buena competencia que se estaba haciendo el s\u00e1bado\u201d.<\/em><\/strong><\/p>\n<p style=\"font-weight: 400;\"><strong><em>\u00a0<\/em><\/strong><\/p>\n<p style=\"font-weight: 400;\"><strong><em>\u201cPor desgracia fue un manejo antideportivo por parte de otro piloto el que no nos permiti\u00f3 cerrar como hubi\u00e9ramos querido, pero nos llevamos un Top-10 que nos deja tranquilos. Agradecer a\u00a0<\/em><\/strong><strong>Grand Fiesta Americana, Fiesta Inn y One Hoteles, por todo su apoyo. Estamos firmes y seguiremos trabajando para San Luis Potos\u00ed<em>\u201d<\/em><\/strong>, expres\u00f3 Rub\u00e9n.<\/p>\n<p style=\"font-weight: 400;\">\n<p style=\"font-weight: 400;\">El siguiente compromiso para Rub\u00e9n Ort\u00edz a bordo del\u00a0<strong>#57\u00a0<\/strong>con el apoyo de\u00a0<strong>Grand Fiesta Americana \/ Fiesta Inn \/ One Hoteles<\/strong>, llegar\u00e1 el 22 de octubre cuando\u00a0<strong>NASCAR PEAK M\u00e9xico Series<\/strong>\u00a0se presente por segunda ocasi\u00f3n en este 2020 en el \u00f3valo de San Luis Potos\u00ed<strong>.<\/strong><\/p>\n","protected":false},"excerpt":{"rendered":"<p>El segundo compromiso doble del 2020 lleg\u00f3 para NASCAR PEAK M\u00e9xico Series\u00a0en donde Rub\u00e9n Ort\u00edz pudo mostrar su avance para salir del aut\u00f3dromo Ecocentro de Quer\u00e9taro, con un valioso Top-10 en la bolsa, el primero tras su regreso a las pistas. Lleg\u00f3 la fecha 6 y 7 de NASCAR Challenge, para Rub\u00e9n Ort\u00edz y el [&hellip;]<\/p>\n","protected":false},"author":1,"featured_media":12238,"comment_status":"closed","ping_status":"open","sticky":false,"template":"","format":"standard","meta":{"advanced_seo_description":"","jetpack_seo_html_title":"","jetpack_seo_noindex":false,"_jetpack_memberships_contains_paid_content":false,"footnotes":"","jetpack_publicize_message":"","jetpack_publicize_feature_enabled":true,"jetpack_social_post_already_shared":true,"jetpack_social_options":{"image_generator_settings":{"template":"highway","default_image_id":0,"font":"","enabled":false},"version":2}},"categories":[19],"tags":[232,291],"class_list":["post-12237","post","type-post","status-publish","format-standard","has-post-thumbnail","hentry","category-informacion-general","tag-informacion-general","tag-nascar-peak-mexico-series"],"jetpack_publicize_connections":[],"jetpack_featured_media_url":"https:\/\/i0.wp.com\/informativoelvalledeaguascalientes.online\/wp-content\/uploads\/2020\/10\/nascar_05102020.jpg?fit=936%2C624&ssl=1","jetpack-related-posts":[],"jetpack_sharing_enabled":true,"jetpack_likes_enabled":true,"_links":{"self":[{"href":"https:\/\/informativoelvalledeaguascalientes.online\/index.php?rest_route=\/wp\/v2\/posts\/12237","targetHints":{"allow":["GET"]}}],"collection":[{"href":"https:\/\/informativoelvalledeaguascalientes.online\/index.php?rest_route=\/wp\/v2\/posts"}],"about":[{"href":"https:\/\/informativoelvalledeaguascalientes.online\/index.php?rest_route=\/wp\/v2\/types\/post"}],"author":[{"embeddable":true,"href":"https:\/\/informativoelvalledeaguascalientes.online\/index.php?rest_route=\/wp\/v2\/users\/1"}],"replies":[{"embeddable":true,"href":"https:\/\/informativoelvalledeaguascalientes.online\/index.php?rest_route=%2Fwp%2Fv2%2Fcomments&post=12237"}],"version-history":[{"count":1,"href":"https:\/\/informativoelvalledeaguascalientes.online\/index.php?rest_route=\/wp\/v2\/posts\/12237\/revisions"}],"predecessor-version":[{"id":12239,"href":"https:\/\/informativoelvalledeaguascalientes.online\/index.php?rest_route=\/wp\/v2\/posts\/12237\/revisions\/12239"}],"wp:featuredmedia":[{"embeddable":true,"href":"https:\/\/informativoelvalledeaguascalientes.online\/index.php?rest_route=\/wp\/v2\/media\/12238"}],"wp:attachment":[{"href":"https:\/\/informativoelvalledeaguascalientes.online\/index.php?rest_route=%2Fwp%2Fv2%2Fmedia&parent=12237"}],"wp:term":[{"taxonomy":"category","embeddable":true,"href":"https:\/\/informativoelvalledeaguascalientes.online\/index.php?rest_route=%2Fwp%2Fv2%2Fcategories&post=12237"},{"taxonomy":"post_tag","embeddable":true,"href":"https:\/\/informativoelvalledeaguascalientes.online\/index.php?rest_route=%2Fwp%2Fv2%2Ftags&post=12237"}],"curies":[{"name":"wp","href":"https:\/\/api.w.org\/{rel}","templated":true}]}}