{"id":12228,"date":"2020-10-05T19:12:38","date_gmt":"2020-10-06T01:12:38","guid":{"rendered":"https:\/\/informativoelvalledeaguascalientes.online\/?p=12228"},"modified":"2020-10-05T19:12:38","modified_gmt":"2020-10-06T01:12:38","slug":"anuncia-martin-orozco-cancelacion-del-festival-de-calaveras-2020","status":"publish","type":"post","link":"https:\/\/informativoelvalledeaguascalientes.online\/?p=12228","title":{"rendered":"ANUNCIA MART\u00cdN OROZCO CANCELACI\u00d3N DEL FESTIVAL DE CALAVERAS 2020"},"content":{"rendered":"<ul>\n<li dir=\"ltr\">\n<p dir=\"ltr\">El Gobierno Estatal continuar\u00e1 tomando las decisiones m\u00e1s oportunas y responsables, priorizando la salud de todas y todos.<\/p>\n<\/li>\n<li dir=\"ltr\">\n<p dir=\"ltr\">Se prepara un programa virtual, para mantener vigente el Festival de Calaveras, aunado a peque\u00f1as actividades de tipo cultural.<\/p>\n<\/li>\n<\/ul>\n<p dir=\"ltr\">En un mensaje a la sociedad el gobernador del estado, Mart\u00edn Orozco Sandoval anunci\u00f3 la cancelaci\u00f3n del Festival de Calaveras en su edici\u00f3n 2020, esto como una decisi\u00f3n responsable pensada prioritariamente en la salud de todas y todos los habitantes de Aguascalientes, as\u00ed como en los visitantes que se dan cita a la entidad de otras partes de M\u00e9xico y el mundo.<\/p>\n<p dir=\"ltr\">El mandatario resalt\u00f3 que tal y como se ha hecho desde el inicio de la pandemia por el COVID-19, un grupo de expertos del sector salud se encuentra analizando diariamente el comportamiento del virus, de esta forma se determin\u00f3 no realizar esta festividad para mantenernos como un estado con un buen manejo de la contingencia sanitaria.<\/p>\n<p dir=\"ltr\">As\u00ed mismo, se\u00f1al\u00f3 que se prepara un programa virtual, para mantener vigente el Festival de Calaveras, aunado a peque\u00f1as actividades de tipo cultural. Inform\u00f3 que durante los pr\u00f3ximos d\u00edas la Secretar\u00eda de Turismo dar\u00e1 a conocer dicho programa a trav\u00e9s de los medios oficiales del Gobierno Estatal.<\/p>\n<p dir=\"ltr\">Mart\u00edn Orozco hizo un llamado a la comprensi\u00f3n del sector tur\u00edstico y se\u00f1al\u00f3 que en conjunto con el Gobierno Estatal, se buscar\u00e1n alternativas innovadoras para mermar lo menos posible a las familias que dependen de este motor econ\u00f3mico.<\/p>\n<p dir=\"ltr\">En este punto, record\u00f3 que el sector turismo es uno de los m\u00e1s creativos por lo que podr\u00e1 proponer nuevos productos y servicios para atraer turistas, pues Aguascalientes tiene mucho que ofrecer a las familias, sin que su salud pueda estar en peligro.<\/p>\n<p dir=\"ltr\">Finalmente, asegur\u00f3 que su gobierno y el sector salud de Aguascalientes continuar\u00e1n tomando las decisiones m\u00e1s oportunas y responsables, priorizando la salud de las ni\u00f1as, ni\u00f1os, adolescentes, j\u00f3venes, adultos y adultos mayores.<\/p>\n","protected":false},"excerpt":{"rendered":"<p>El Gobierno Estatal continuar\u00e1 tomando las decisiones m\u00e1s oportunas y responsables, priorizando la salud de todas y todos. Se prepara un programa virtual, para mantener vigente el Festival de Calaveras, aunado a peque\u00f1as actividades de tipo cultural. En un mensaje a la sociedad el gobernador del estado, Mart\u00edn Orozco Sandoval anunci\u00f3 la cancelaci\u00f3n del Festival [&hellip;]<\/p>\n","protected":false},"author":1,"featured_media":12229,"comment_status":"closed","ping_status":"open","sticky":false,"template":"","format":"standard","meta":{"advanced_seo_description":"","jetpack_seo_html_title":"","jetpack_seo_noindex":false,"_jetpack_memberships_contains_paid_content":false,"footnotes":"","jetpack_publicize_message":"","jetpack_publicize_feature_enabled":true,"jetpack_social_post_already_shared":true,"jetpack_social_options":{"image_generator_settings":{"template":"highway","default_image_id":0,"font":"","enabled":false},"version":2}},"categories":[21,4],"tags":[22,31,34],"class_list":["post-12228","post","type-post","status-publish","format-standard","has-post-thumbnail","hentry","category-aguascalientes","category-gobierno-del-estado-aguascalientes","tag-aguascalientes","tag-mos","tag-sectur"],"jetpack_publicize_connections":[],"jetpack_featured_media_url":"https:\/\/i0.wp.com\/informativoelvalledeaguascalientes.online\/wp-content\/uploads\/2020\/10\/MOS_CALAVERAS_05102020.jpg?fit=960%2C1280&ssl=1","jetpack-related-posts":[],"jetpack_sharing_enabled":true,"jetpack_likes_enabled":true,"_links":{"self":[{"href":"https:\/\/informativoelvalledeaguascalientes.online\/index.php?rest_route=\/wp\/v2\/posts\/12228","targetHints":{"allow":["GET"]}}],"collection":[{"href":"https:\/\/informativoelvalledeaguascalientes.online\/index.php?rest_route=\/wp\/v2\/posts"}],"about":[{"href":"https:\/\/informativoelvalledeaguascalientes.online\/index.php?rest_route=\/wp\/v2\/types\/post"}],"author":[{"embeddable":true,"href":"https:\/\/informativoelvalledeaguascalientes.online\/index.php?rest_route=\/wp\/v2\/users\/1"}],"replies":[{"embeddable":true,"href":"https:\/\/informativoelvalledeaguascalientes.online\/index.php?rest_route=%2Fwp%2Fv2%2Fcomments&post=12228"}],"version-history":[{"count":1,"href":"https:\/\/informativoelvalledeaguascalientes.online\/index.php?rest_route=\/wp\/v2\/posts\/12228\/revisions"}],"predecessor-version":[{"id":12230,"href":"https:\/\/informativoelvalledeaguascalientes.online\/index.php?rest_route=\/wp\/v2\/posts\/12228\/revisions\/12230"}],"wp:featuredmedia":[{"embeddable":true,"href":"https:\/\/informativoelvalledeaguascalientes.online\/index.php?rest_route=\/wp\/v2\/media\/12229"}],"wp:attachment":[{"href":"https:\/\/informativoelvalledeaguascalientes.online\/index.php?rest_route=%2Fwp%2Fv2%2Fmedia&parent=12228"}],"wp:term":[{"taxonomy":"category","embeddable":true,"href":"https:\/\/informativoelvalledeaguascalientes.online\/index.php?rest_route=%2Fwp%2Fv2%2Fcategories&post=12228"},{"taxonomy":"post_tag","embeddable":true,"href":"https:\/\/informativoelvalledeaguascalientes.online\/index.php?rest_route=%2Fwp%2Fv2%2Ftags&post=12228"}],"curies":[{"name":"wp","href":"https:\/\/api.w.org\/{rel}","templated":true}]}}