{"id":12225,"date":"2020-10-04T21:27:51","date_gmt":"2020-10-05T03:27:51","guid":{"rendered":"https:\/\/informativoelvalledeaguascalientes.online\/?p=12225"},"modified":"2020-10-04T21:27:51","modified_gmt":"2020-10-05T03:27:51","slug":"apoya-municipio-ags-a-familias-del-ejido-cumbres-para-regularizar-sus-predios","status":"publish","type":"post","link":"https:\/\/informativoelvalledeaguascalientes.online\/?p=12225","title":{"rendered":"APOYA MUNICIPIO AGS. A FAMILIAS DEL EJIDO CUMBRES PARA REGULARIZAR SUS PREDIOS"},"content":{"rendered":"<div class=\"opinion-section opinion-single-cover opinion-indent opinion-overlay\">\n<div class=\"container\">\n<div class=\"section-head row justify-content-center text-center\"><\/div>\n<\/div>\n<\/div>\n<div class=\"opinion-section\">\n<div class=\"container\">\n<div class=\"section-content row justify-content-center\">\n<div class=\"col-12 col-lg-8 opinion-order-1\">\n<article class=\"opinion-post opinion-single post-20958 post type-post status-publish format-standard has-post-thumbnail hentry category-desarrollo-urbano tag-ejido-cumbres tag-jaime-gallo-camacho tag-regularizacion-de-predios\">\n<div class=\"entry-content\">\n<ul>\n<li><strong>En pr\u00f3ximas fechas se podr\u00e1n escriturar y se entregar\u00e1n nomenclaturas y n\u00fameros oficiales<\/strong><\/li>\n<\/ul>\n<p>A fin de continuar promoviendo el crecimiento urbano ordenado, el Municipio de Aguascalientes a trav\u00e9s del programa \u201cCamino Seguro a tu Patrimonio\u201d y la Secretar\u00eda de Desarrollo Urbano (SEDUM), apoy\u00f3 a 70 familias del Ejido Cumbres para la regularizaci\u00f3n de sus predios.<\/p>\n<p>El titular de la SEDUM,\u00a0<strong>Jaime Gallo Camacho,<\/strong>\u00a0mencion\u00f3 que se brind\u00f3 ayuda en la integraci\u00f3n de los expedientes t\u00e9cnicos. Con esta acci\u00f3n, la administraci\u00f3n de la alcaldesa\u00a0<strong>Tere Jim\u00e9nez\u00a0<\/strong>brinda certeza legal sobre el patrimonio familiar.<\/p>\n<p>Destac\u00f3 que de la mano con la Secretar\u00eda de Desarrollo Agrario Territorial y Urbano,\u00a0 el Registro Agrario Nacional y el Comisariado Ejidal de Cumbres, se logr\u00f3 la regularizaci\u00f3n de este ejido constituido ahora por 73 lotes habitacionales o solares pr\u00f3ximos a escriturarse, adem\u00e1s de otorgarles la nomenclatura y n\u00fameros oficiales.<\/p>\n<p>Manifest\u00f3 que esto fue posible gracias a las gestiones de la alcaldesa\u00a0<strong>Tere Jim\u00e9nez<\/strong>,<strong>\u00a0<\/strong>quien\u00a0 en todo momento ha trabajado para dignificar y brindar servicios de calidad a las familias de Aguascalientes.<\/p>\n<\/div>\n<\/article>\n<\/div>\n<\/div>\n<\/div>\n<\/div>\n","protected":false},"excerpt":{"rendered":"<p>En pr\u00f3ximas fechas se podr\u00e1n escriturar y se entregar\u00e1n nomenclaturas y n\u00fameros oficiales A fin de continuar promoviendo el crecimiento urbano ordenado, el Municipio de Aguascalientes a trav\u00e9s del programa \u201cCamino Seguro a tu Patrimonio\u201d y la Secretar\u00eda de Desarrollo Urbano (SEDUM), apoy\u00f3 a 70 familias del Ejido Cumbres para la regularizaci\u00f3n de sus predios. [&hellip;]<\/p>\n","protected":false},"author":1,"featured_media":12226,"comment_status":"closed","ping_status":"open","sticky":false,"template":"","format":"standard","meta":{"advanced_seo_description":"","jetpack_seo_html_title":"","jetpack_seo_noindex":false,"_jetpack_memberships_contains_paid_content":false,"footnotes":"","jetpack_publicize_message":"","jetpack_publicize_feature_enabled":true,"jetpack_social_post_already_shared":true,"jetpack_social_options":{"image_generator_settings":{"template":"highway","default_image_id":0,"font":"","enabled":false},"version":2}},"categories":[21,3],"tags":[22,285],"class_list":["post-12225","post","type-post","status-publish","format-standard","has-post-thumbnail","hentry","category-aguascalientes","category-municipio-aguascalientes","tag-aguascalientes","tag-mpio-aguascalientes-sedum"],"jetpack_publicize_connections":[],"jetpack_featured_media_url":"https:\/\/i0.wp.com\/informativoelvalledeaguascalientes.online\/wp-content\/uploads\/2020\/10\/mpio_ags_ejido_cumbres_04102020.jpg?fit=2560%2C1707&ssl=1","jetpack-related-posts":[],"jetpack_sharing_enabled":true,"jetpack_likes_enabled":true,"_links":{"self":[{"href":"https:\/\/informativoelvalledeaguascalientes.online\/index.php?rest_route=\/wp\/v2\/posts\/12225","targetHints":{"allow":["GET"]}}],"collection":[{"href":"https:\/\/informativoelvalledeaguascalientes.online\/index.php?rest_route=\/wp\/v2\/posts"}],"about":[{"href":"https:\/\/informativoelvalledeaguascalientes.online\/index.php?rest_route=\/wp\/v2\/types\/post"}],"author":[{"embeddable":true,"href":"https:\/\/informativoelvalledeaguascalientes.online\/index.php?rest_route=\/wp\/v2\/users\/1"}],"replies":[{"embeddable":true,"href":"https:\/\/informativoelvalledeaguascalientes.online\/index.php?rest_route=%2Fwp%2Fv2%2Fcomments&post=12225"}],"version-history":[{"count":1,"href":"https:\/\/informativoelvalledeaguascalientes.online\/index.php?rest_route=\/wp\/v2\/posts\/12225\/revisions"}],"predecessor-version":[{"id":12227,"href":"https:\/\/informativoelvalledeaguascalientes.online\/index.php?rest_route=\/wp\/v2\/posts\/12225\/revisions\/12227"}],"wp:featuredmedia":[{"embeddable":true,"href":"https:\/\/informativoelvalledeaguascalientes.online\/index.php?rest_route=\/wp\/v2\/media\/12226"}],"wp:attachment":[{"href":"https:\/\/informativoelvalledeaguascalientes.online\/index.php?rest_route=%2Fwp%2Fv2%2Fmedia&parent=12225"}],"wp:term":[{"taxonomy":"category","embeddable":true,"href":"https:\/\/informativoelvalledeaguascalientes.online\/index.php?rest_route=%2Fwp%2Fv2%2Fcategories&post=12225"},{"taxonomy":"post_tag","embeddable":true,"href":"https:\/\/informativoelvalledeaguascalientes.online\/index.php?rest_route=%2Fwp%2Fv2%2Ftags&post=12225"}],"curies":[{"name":"wp","href":"https:\/\/api.w.org\/{rel}","templated":true}]}}