{"id":12198,"date":"2020-10-04T20:11:25","date_gmt":"2020-10-05T02:11:25","guid":{"rendered":"https:\/\/informativoelvalledeaguascalientes.online\/?p=12198"},"modified":"2020-10-04T20:11:25","modified_gmt":"2020-10-05T02:11:25","slug":"doble-podio-para-el-sidral-aga-racing-team-en-7a-fecha-de-nascar-mexico","status":"publish","type":"post","link":"https:\/\/informativoelvalledeaguascalientes.online\/?p=12198","title":{"rendered":"Doble podio para el Sidral Aga Racing Team en 7\u00aa fecha de NASCAR M\u00e9xico"},"content":{"rendered":"<p style=\"font-weight: 400;\">Una actuaci\u00f3n protag\u00f3nica fue la que tuvo el <strong>Sidral Aga Racing Team<\/strong>\u00a0en\u00a0<strong>NASCAR PEAK M\u00e9xico Series<\/strong>; esto tras llevarse doble podio en la s\u00e9ptima fecha de la temporada 2020 en el aut\u00f3dromo Ecocentro de Quer\u00e9taro, con el segundo puesto para Salvador de Alba Jr. y Noel Le\u00f3n sumando su quinto podio en la categor\u00eda Challenge.<\/p>\n<p style=\"font-weight: 400;\">\n<p style=\"font-weight: 400;\">Un fin de semana importante lleg\u00f3 para Salvador de Alba Jr. con el auto\u00a0<strong>#48 Sidral Aga\/ Red Cola<\/strong>\u00a0cerrando con su segundo podio del fin de semana en la s\u00e9ptima fecha de la categor\u00eda PEAK, cruzando la meta en el 2do escal\u00f3n tras su triunfo del d\u00eda anterior.<\/p>\n<p style=\"font-weight: 400;\">\n<p style=\"font-weight: 400;\">Viniendo desde atr\u00e1s al arrancar en la casilla 15 debido a la parrilla invertida de acuerdo a los resultados de la carrera del viernes, Salvador se apoder\u00f3 de la primera posici\u00f3n para dominar gran parte de la competencia, para al final poder cerrar segundo y as\u00ed obtener su tercer podio del 2020. En el podio aparecieron Rub\u00e9n Rovelo (Ganador) y Rub\u00e9n Garc\u00eda Jr.<\/p>\n<p style=\"font-weight: 400;\">\n<p style=\"font-weight: 400;\"><strong><em>\u201cNos vamos contentos aunque creo que pod\u00edamos llevarnos el triunfo, pero al final as\u00ed son las consecuencias y me voy tranquilo porque se nos dieron dos resultados que nos dan puntos importantes para seguir entre los mejores del campeonato\u201d<\/em><\/strong><\/p>\n<p style=\"font-weight: 400;\"><strong><em>\u00a0<\/em><\/strong><\/p>\n<p style=\"font-weight: 400;\"><strong><em>\u201cAgradecer a todos mis patrocinadores, a mi familia y por supuesto a todo el team que da lo mejor y trabaja fuerte d\u00eda a d\u00eda para darme un auto veloz y competitivo\u201d<\/em><\/strong>, dijo Salvador.<\/p>\n<p style=\"font-weight: 400;\">\n<p style=\"font-weight: 400;\">Por su parte, Noel Le\u00f3n en la categor\u00eda Challenge pudo seguir con el ritmo mostrado a bordo del\u00a0<strong>#03 Skarch\/ Sidral Aga\/ Red Cola<\/strong>\u00a0cerrando en la posici\u00f3n 2 para sumar su quinto podio de la temporada y mantenerse en la pelea por el t\u00edtulo<strong>.\u00a0<\/strong>El podio fue completado por Max Guti\u00e9rrez (Ganador) y Alex de Alba.<\/p>\n<p style=\"font-weight: 400;\">\n<p style=\"font-weight: 400;\"><strong>\u201cSin duda contento por el resultado, por seguir entre los 3 primeros de la parrilla y sumar puntos importantes para el campeonato. Seguiremos trabajando para llegar fuertes a San Luis y poder pelear por el triunfo\u201d<\/strong>, expres\u00f3 Le\u00f3n.<\/p>\n<p style=\"font-weight: 400;\">\n<p style=\"font-weight: 400;\">Para Juan Ma. Gonz\u00e1lez, mejor\u00f3 con respecto a la sexta fecha, consiguiente un buen top-5 con el auto\u00a0<strong>#42 Red Cola\/ Sidral Aga\/<\/strong>\u00a0<strong>Illux\/ Escuder\u00eda Telmex-Telcel\/<\/strong>\u00a0<strong>Hoteles Encore\/<\/strong>\u00a0<strong>Arai\/<\/strong>\u00a0<strong>Charofil\u00a0<\/strong>y desde ahora trabaja con miras a la fecha 8 en San Luis Potos\u00ed.<\/p>\n<p style=\"font-weight: 400;\">\n<p style=\"font-weight: 400;\">Ser\u00e1 el 22 de octubre cuando el\u00a0<strong>Sidral Aga Racing Team<\/strong>\u00a0se enfrente a la octava fecha de\u00a0<strong>NASCAR PEAK M\u00e9xico Series<\/strong>, en la segunda visita del a\u00f1o al \u00f3valo de San Luis Potos\u00ed.<\/p>\n","protected":false},"excerpt":{"rendered":"<p>Una actuaci\u00f3n protag\u00f3nica fue la que tuvo el Sidral Aga Racing Team\u00a0en\u00a0NASCAR PEAK M\u00e9xico Series; esto tras llevarse doble podio en la s\u00e9ptima fecha de la temporada 2020 en el aut\u00f3dromo Ecocentro de Quer\u00e9taro, con el segundo puesto para Salvador de Alba Jr. y Noel Le\u00f3n sumando su quinto podio en la categor\u00eda Challenge. Un [&hellip;]<\/p>\n","protected":false},"author":1,"featured_media":12199,"comment_status":"closed","ping_status":"open","sticky":false,"template":"","format":"standard","meta":{"advanced_seo_description":"","jetpack_seo_html_title":"","jetpack_seo_noindex":false,"_jetpack_memberships_contains_paid_content":false,"footnotes":"","jetpack_publicize_message":"","jetpack_publicize_feature_enabled":true,"jetpack_social_post_already_shared":true,"jetpack_social_options":{"image_generator_settings":{"template":"highway","default_image_id":0,"font":"","enabled":false},"version":2}},"categories":[19],"tags":[232,291],"class_list":["post-12198","post","type-post","status-publish","format-standard","has-post-thumbnail","hentry","category-informacion-general","tag-informacion-general","tag-nascar-peak-mexico-series"],"jetpack_publicize_connections":[],"jetpack_featured_media_url":"https:\/\/i0.wp.com\/informativoelvalledeaguascalientes.online\/wp-content\/uploads\/2020\/10\/nascar_03102020.jpg?fit=936%2C624&ssl=1","jetpack-related-posts":[],"jetpack_sharing_enabled":true,"jetpack_likes_enabled":true,"_links":{"self":[{"href":"https:\/\/informativoelvalledeaguascalientes.online\/index.php?rest_route=\/wp\/v2\/posts\/12198","targetHints":{"allow":["GET"]}}],"collection":[{"href":"https:\/\/informativoelvalledeaguascalientes.online\/index.php?rest_route=\/wp\/v2\/posts"}],"about":[{"href":"https:\/\/informativoelvalledeaguascalientes.online\/index.php?rest_route=\/wp\/v2\/types\/post"}],"author":[{"embeddable":true,"href":"https:\/\/informativoelvalledeaguascalientes.online\/index.php?rest_route=\/wp\/v2\/users\/1"}],"replies":[{"embeddable":true,"href":"https:\/\/informativoelvalledeaguascalientes.online\/index.php?rest_route=%2Fwp%2Fv2%2Fcomments&post=12198"}],"version-history":[{"count":1,"href":"https:\/\/informativoelvalledeaguascalientes.online\/index.php?rest_route=\/wp\/v2\/posts\/12198\/revisions"}],"predecessor-version":[{"id":12200,"href":"https:\/\/informativoelvalledeaguascalientes.online\/index.php?rest_route=\/wp\/v2\/posts\/12198\/revisions\/12200"}],"wp:featuredmedia":[{"embeddable":true,"href":"https:\/\/informativoelvalledeaguascalientes.online\/index.php?rest_route=\/wp\/v2\/media\/12199"}],"wp:attachment":[{"href":"https:\/\/informativoelvalledeaguascalientes.online\/index.php?rest_route=%2Fwp%2Fv2%2Fmedia&parent=12198"}],"wp:term":[{"taxonomy":"category","embeddable":true,"href":"https:\/\/informativoelvalledeaguascalientes.online\/index.php?rest_route=%2Fwp%2Fv2%2Fcategories&post=12198"},{"taxonomy":"post_tag","embeddable":true,"href":"https:\/\/informativoelvalledeaguascalientes.online\/index.php?rest_route=%2Fwp%2Fv2%2Ftags&post=12198"}],"curies":[{"name":"wp","href":"https:\/\/api.w.org\/{rel}","templated":true}]}}