{"id":12185,"date":"2020-10-04T19:57:05","date_gmt":"2020-10-05T01:57:05","guid":{"rendered":"https:\/\/informativoelvalledeaguascalientes.online\/?p=12185"},"modified":"2020-10-04T19:57:05","modified_gmt":"2020-10-05T01:57:05","slug":"super-copa-informa-la-carrera-de-leon-se-correra-con-acceso-restringido-de-publico","status":"publish","type":"post","link":"https:\/\/informativoelvalledeaguascalientes.online\/?p=12185","title":{"rendered":"SUPER COPA INFORMA: LA CARRERA DE LE\u00d3N SE CORRER\u00c1 CON ACCESO RESTRINGIDO DE P\u00daBLICO"},"content":{"rendered":"<p style=\"font-weight: 400;\">La quinta fecha de la S\u00faper Copa que se correr\u00e1 en el Aut\u00f3dromo de Le\u00f3n el 10 y 11 de octubre, ser\u00e1 la primera despu\u00e9s del receso provocado por la pandemia, que se disputar\u00e1 con p\u00fablico.<\/p>\n<p style=\"font-weight: 400;\">Este 2 de octubre pasado se hizo este anuncio en Guanajuato:<\/p>\n<p style=\"font-weight: 400;\">El sem\u00e1foro de reactivaci\u00f3n en Guanajuato cambiar\u00e1 de naranja a amarillo a partir del pr\u00f3ximo lunes 5 de octubre, as\u00ed lo confirm\u00f3 Froylan Salas Navarro, Subsecretario de Desarrollo Econ\u00f3mico Sustentable: &#8220;Hoy es sem\u00e1foro naranja, hasta el d\u00eda 4 de octubre nos mantendremos en sem\u00e1foro naranja, el d\u00eda 5 es la entrada formal, oficial para el sem\u00e1foro amarillo&#8221;, dijo el Subsecretario.<\/p>\n<p style=\"font-weight: 400;\">Froylan Salas recalc\u00f3 que la transici\u00f3n del color naranja al amarillo conlleva una gran responsabilidad, pues la reincorporaci\u00f3n de los sectores econ\u00f3micos debe ser en orden y gradual, adem\u00e1s de implementar los protocolos de seguridad sanitaria.<\/p>\n<p style=\"font-weight: 400;\">\u00bfQu\u00e9 actividades est\u00e1n permitidas? En este color<\/p>\n<p style=\"font-weight: 400;\">El sem\u00e1foro amarillo, aumenta el n\u00famero de actividades permitidas y la apertura de espacios p\u00fablicos, manteniendo las medidas preventivas.<\/p>\n<p style=\"font-weight: 400;\">.-Los espacios p\u00fablicos como parques y bosques pueden abrir de forma regular.<\/p>\n<p style=\"font-weight: 400;\">.-Espacios p\u00fablicos cerrados como cines, teatros, restaurantes e iglesias, pueden abrir con aforo reducido.<\/p>\n<p style=\"font-weight: 400;\">.-Se permiten todas las actividades laborales esenciales y no esenciales con restricci\u00f3n de aforo y horarios escalonados.<\/p>\n<p style=\"font-weight: 400;\">Es importante destacar que las carreras se desarrollan es un aforo abierto y S\u00faper Copa cuenta con todo lo que requieren las Autoridades de Salud para llevar a cabo el evento, como ocurri\u00f3 en las dos competencias que se disputaron en Quer\u00e9taro (sin p\u00fablico) y ahora la que se realizar\u00e1 con la asistencia restringida de aficionados.<\/p>\n<p style=\"font-weight: 400;\">Los boletos se pueden adquirir a trav\u00e9s de RED ACCESS\u00a0 a un precio de 100 pesos, los ni\u00f1os menores de 12 a\u00f1os no pagan boleto, es importante destacar que no habr\u00e1 venta en taquillas y el acceso es limitado. (Por ning\u00fan motivo se permitir\u00e1 el ingreso a aquellos que no tengan boleto).<\/p>\n<p style=\"font-weight: 400;\">Por otra parte, los aficionados que concurran al Aut\u00f3dromo Le\u00f3n deben portar cubreboca y gel antibacterial (OBLIGATORIO).<\/p>\n","protected":false},"excerpt":{"rendered":"<p>La quinta fecha de la S\u00faper Copa que se correr\u00e1 en el Aut\u00f3dromo de Le\u00f3n el 10 y 11 de octubre, ser\u00e1 la primera despu\u00e9s del receso provocado por la pandemia, que se disputar\u00e1 con p\u00fablico. Este 2 de octubre pasado se hizo este anuncio en Guanajuato: El sem\u00e1foro de reactivaci\u00f3n en Guanajuato cambiar\u00e1 de [&hellip;]<\/p>\n","protected":false},"author":1,"featured_media":12186,"comment_status":"closed","ping_status":"open","sticky":false,"template":"","format":"standard","meta":{"advanced_seo_description":"","jetpack_seo_html_title":"","jetpack_seo_noindex":false,"_jetpack_memberships_contains_paid_content":false,"footnotes":"","jetpack_publicize_message":"","jetpack_publicize_feature_enabled":true,"jetpack_social_post_already_shared":true,"jetpack_social_options":{"image_generator_settings":{"template":"highway","default_image_id":0,"font":"","enabled":false},"version":2}},"categories":[19],"tags":[232,125],"class_list":["post-12185","post","type-post","status-publish","format-standard","has-post-thumbnail","hentry","category-informacion-general","tag-informacion-general","tag-super-copa"],"jetpack_publicize_connections":[],"jetpack_featured_media_url":"https:\/\/i0.wp.com\/informativoelvalledeaguascalientes.online\/wp-content\/uploads\/2020\/10\/super_copa_03102020.jpg?fit=938%2C498&ssl=1","jetpack-related-posts":[],"jetpack_sharing_enabled":true,"jetpack_likes_enabled":true,"_links":{"self":[{"href":"https:\/\/informativoelvalledeaguascalientes.online\/index.php?rest_route=\/wp\/v2\/posts\/12185","targetHints":{"allow":["GET"]}}],"collection":[{"href":"https:\/\/informativoelvalledeaguascalientes.online\/index.php?rest_route=\/wp\/v2\/posts"}],"about":[{"href":"https:\/\/informativoelvalledeaguascalientes.online\/index.php?rest_route=\/wp\/v2\/types\/post"}],"author":[{"embeddable":true,"href":"https:\/\/informativoelvalledeaguascalientes.online\/index.php?rest_route=\/wp\/v2\/users\/1"}],"replies":[{"embeddable":true,"href":"https:\/\/informativoelvalledeaguascalientes.online\/index.php?rest_route=%2Fwp%2Fv2%2Fcomments&post=12185"}],"version-history":[{"count":1,"href":"https:\/\/informativoelvalledeaguascalientes.online\/index.php?rest_route=\/wp\/v2\/posts\/12185\/revisions"}],"predecessor-version":[{"id":12187,"href":"https:\/\/informativoelvalledeaguascalientes.online\/index.php?rest_route=\/wp\/v2\/posts\/12185\/revisions\/12187"}],"wp:featuredmedia":[{"embeddable":true,"href":"https:\/\/informativoelvalledeaguascalientes.online\/index.php?rest_route=\/wp\/v2\/media\/12186"}],"wp:attachment":[{"href":"https:\/\/informativoelvalledeaguascalientes.online\/index.php?rest_route=%2Fwp%2Fv2%2Fmedia&parent=12185"}],"wp:term":[{"taxonomy":"category","embeddable":true,"href":"https:\/\/informativoelvalledeaguascalientes.online\/index.php?rest_route=%2Fwp%2Fv2%2Fcategories&post=12185"},{"taxonomy":"post_tag","embeddable":true,"href":"https:\/\/informativoelvalledeaguascalientes.online\/index.php?rest_route=%2Fwp%2Fv2%2Ftags&post=12185"}],"curies":[{"name":"wp","href":"https:\/\/api.w.org\/{rel}","templated":true}]}}