{"id":12109,"date":"2020-10-01T20:05:47","date_gmt":"2020-10-02T02:05:47","guid":{"rendered":"https:\/\/informativoelvalledeaguascalientes.online\/?p=12109"},"modified":"2020-10-01T20:05:47","modified_gmt":"2020-10-02T02:05:47","slug":"para-mejorar-la-calidad-de-vida-de-las-familias-martin-orozco-pone-en-marcha-el-programa-acciones-contigo","status":"publish","type":"post","link":"https:\/\/informativoelvalledeaguascalientes.online\/?p=12109","title":{"rendered":"PARA MEJORAR LA CALIDAD DE VIDA DE LAS FAMILIAS, MART\u00cdN OROZCO PONE EN MARCHA EL PROGRAMA ACCIONES CONTIGO"},"content":{"rendered":"<ul>\n<li dir=\"ltr\">\n<p dir=\"ltr\">El proyecto busca fomentar una din\u00e1mica de desarrollo comunitario<\/p>\n<\/li>\n<li dir=\"ltr\">\n<p dir=\"ltr\">La Sedeso pondr\u00e1 a disposici\u00f3n de la sociedad actividades, los participantes podr\u00e1n generar \u201coros\u201d por el tiempo invertido e intercambiarlos\u00a0 por art\u00edculos y \/o servicios del Gobierno<\/p>\n<\/li>\n<\/ul>\n<p>&nbsp;<\/p>\n<p dir=\"ltr\">En corresponsabilidad podremos construir una sociedad participativa, declar\u00f3 el gobernador Mart\u00edn Orozco Sandoval durante el arranque del programa Acciones Contigo, el cual surge con la finalidad\u00a0 de mejorar\u00a0 la calidad de vida de las personas\u00a0 a trav\u00e9s de generaci\u00f3n\u00a0 de autoempleo, mejoras en la vivienda, fortalecimiento de la econom\u00eda local y recuperaci\u00f3n del tejido social.<\/p>\n<p>&nbsp;<\/p>\n<p dir=\"ltr\">Dicho proyecto, apunt\u00f3, busca fomentar una din\u00e1mica de desarrollo comunitario a trav\u00e9s del intercambio de servicios entre ciudadanos por apoyos del gobierno:<\/p>\n<p>&nbsp;<\/p>\n<p dir=\"ltr\">&#8220;Se trata de que las y los aguascalentenses exploten sus propias habilidades y obtengan de su labor de servicio, puntos u \u201coros\u201d que se traducen en beneficios que las dependencias puedan otorgarles&#8221;.<\/p>\n<p>&nbsp;<\/p>\n<p dir=\"ltr\">Como Gobierno del Estado queremos brindarle a las personas los apoyos que ellas requieren, como una retribuci\u00f3n de su propia labor social en beneficio de las familias, se\u00f1al\u00f3 el gobernador.<\/p>\n<p dir=\"ltr\">\n<p dir=\"ltr\">Para ejemplificar la forma en la que opera este programa, un beneficiario del Centro Crecer Guadalupe Peralta explic\u00f3 que para establecer su consultorio dental recibi\u00f3 un cr\u00e9dito por parte del Sistema de Financiamiento de Aguascalientes (SIFIA), el cual est\u00e1 pagando con servicios gratuitos para las personas que integran el Centro.<\/p>\n<p>&nbsp;<\/p>\n<p dir=\"ltr\">Durante su mensaje, el Secretario de Desarrollo Social de Aguascalientes, Marco Aurelio Hern\u00e1ndez P\u00e9rez, se\u00f1al\u00f3 que la finalidad es acercar los programas a la gente, fomentando el valor de servicio y explotando las propias capacidades de las personas, para construir una nueva sociedad m\u00e1s participativa y proactiva.<\/p>\n<p>&nbsp;<\/p>\n<p dir=\"ltr\">Cabe se\u00f1alar que el Gobierno del Estado a trav\u00e9s de todos sus Centros Crecer, ofrecer\u00e1n cursos, capacitaciones, talleres, jornadas comunitarias, actividades deportivas y recreativas; a trav\u00e9s de estas actividades los participantes podr\u00e1n generar \u201coros\u201d por el tiempo invertido en su crecimiento personal y de esta forma, podr\u00e1n intercambiarlos\u00a0 por art\u00edculos y \/o servicios que ofrece gobierno del Estado.<\/p>\n<p>&nbsp;<\/p>\n<p dir=\"ltr\">El programa Acciones Contigo ser\u00e1 guiado por la Secretar\u00eda de Desarrollo Social (Sedeso) y los interesados en formar parte pueden acudir directamente al Centro Crecer m\u00e1s cercano a su domicilio.<\/p>\n","protected":false},"excerpt":{"rendered":"<p>El proyecto busca fomentar una din\u00e1mica de desarrollo comunitario La Sedeso pondr\u00e1 a disposici\u00f3n de la sociedad actividades, los participantes podr\u00e1n generar \u201coros\u201d por el tiempo invertido e intercambiarlos\u00a0 por art\u00edculos y \/o servicios del Gobierno &nbsp; En corresponsabilidad podremos construir una sociedad participativa, declar\u00f3 el gobernador Mart\u00edn Orozco Sandoval durante el arranque del programa [&hellip;]<\/p>\n","protected":false},"author":1,"featured_media":12110,"comment_status":"closed","ping_status":"open","sticky":false,"template":"","format":"standard","meta":{"advanced_seo_description":"","jetpack_seo_html_title":"","jetpack_seo_noindex":false,"_jetpack_memberships_contains_paid_content":false,"footnotes":"","jetpack_publicize_message":"","jetpack_publicize_feature_enabled":true,"jetpack_social_post_already_shared":true,"jetpack_social_options":{"image_generator_settings":{"template":"highway","default_image_id":0,"font":"","enabled":false},"version":2}},"categories":[21,4],"tags":[22,31,24],"class_list":["post-12109","post","type-post","status-publish","format-standard","has-post-thumbnail","hentry","category-aguascalientes","category-gobierno-del-estado-aguascalientes","tag-aguascalientes","tag-mos","tag-sedeso"],"jetpack_publicize_connections":[],"jetpack_featured_media_url":"https:\/\/i0.wp.com\/informativoelvalledeaguascalientes.online\/wp-content\/uploads\/2020\/10\/mos_sedeso_01102020.jpg?fit=1280%2C853&ssl=1","jetpack-related-posts":[],"jetpack_sharing_enabled":true,"jetpack_likes_enabled":true,"_links":{"self":[{"href":"https:\/\/informativoelvalledeaguascalientes.online\/index.php?rest_route=\/wp\/v2\/posts\/12109","targetHints":{"allow":["GET"]}}],"collection":[{"href":"https:\/\/informativoelvalledeaguascalientes.online\/index.php?rest_route=\/wp\/v2\/posts"}],"about":[{"href":"https:\/\/informativoelvalledeaguascalientes.online\/index.php?rest_route=\/wp\/v2\/types\/post"}],"author":[{"embeddable":true,"href":"https:\/\/informativoelvalledeaguascalientes.online\/index.php?rest_route=\/wp\/v2\/users\/1"}],"replies":[{"embeddable":true,"href":"https:\/\/informativoelvalledeaguascalientes.online\/index.php?rest_route=%2Fwp%2Fv2%2Fcomments&post=12109"}],"version-history":[{"count":1,"href":"https:\/\/informativoelvalledeaguascalientes.online\/index.php?rest_route=\/wp\/v2\/posts\/12109\/revisions"}],"predecessor-version":[{"id":12111,"href":"https:\/\/informativoelvalledeaguascalientes.online\/index.php?rest_route=\/wp\/v2\/posts\/12109\/revisions\/12111"}],"wp:featuredmedia":[{"embeddable":true,"href":"https:\/\/informativoelvalledeaguascalientes.online\/index.php?rest_route=\/wp\/v2\/media\/12110"}],"wp:attachment":[{"href":"https:\/\/informativoelvalledeaguascalientes.online\/index.php?rest_route=%2Fwp%2Fv2%2Fmedia&parent=12109"}],"wp:term":[{"taxonomy":"category","embeddable":true,"href":"https:\/\/informativoelvalledeaguascalientes.online\/index.php?rest_route=%2Fwp%2Fv2%2Fcategories&post=12109"},{"taxonomy":"post_tag","embeddable":true,"href":"https:\/\/informativoelvalledeaguascalientes.online\/index.php?rest_route=%2Fwp%2Fv2%2Ftags&post=12109"}],"curies":[{"name":"wp","href":"https:\/\/api.w.org\/{rel}","templated":true}]}}