{"id":12097,"date":"2020-10-01T19:40:12","date_gmt":"2020-10-02T01:40:12","guid":{"rendered":"https:\/\/informativoelvalledeaguascalientes.online\/?p=12097"},"modified":"2020-10-01T19:40:12","modified_gmt":"2020-10-02T01:40:12","slug":"vacuna-y-medidas-de-prevencion-son-el-mejor-escudo-contra-la-influenza-martin-orozco-sandoval","status":"publish","type":"post","link":"https:\/\/informativoelvalledeaguascalientes.online\/?p=12097","title":{"rendered":"VACUNA Y MEDIDAS DE PREVENCI\u00d3N SON EL MEJOR ESCUDO CONTRA LA INFLUENZA: MART\u00cdN OROZCO SANDOVAL"},"content":{"rendered":"<ul style=\"font-weight: 400;\">\n<li><strong><em>Las 389 mil 320 dosis ser\u00e1n distribuidos en los 83 Centro de Salud de todo el estado y en cl\u00ednicas del IMSS e ISSSTE<\/em><\/strong><\/li>\n<li><strong><em>La vacuna se aplicar\u00e1 de forma prioritaria a personal de la salud, ni\u00f1os, adultos mayores y personas con enfermedades cr\u00f3nicas\u00a0<\/em><\/strong><\/li>\n<li><strong><em>La campa\u00f1a de la vacuna contra la influenza estacional se llevar\u00e1 a cabo del 01 de octubre al 31 de diciembre del 2020\u00a0<\/em><\/strong><\/li>\n<\/ul>\n<p style=\"font-weight: 400;\">\n<p style=\"font-weight: 400;\">Durante el inicio de la Campa\u00f1a de Vacunaci\u00f3n contra la Influenza Estacional 2020, el gobernador del estado, Mart\u00edn Orozco Sandoval, llam\u00f3 a las instituciones del sector salud a seguir haciendo equipo en momentos tan significativos para la salud de los aguascalentenses.<\/p>\n<p style=\"font-weight: 400;\">\n<p style=\"font-weight: 400;\">Se\u00f1al\u00f3 que la vacuna es el mejor escudo en contra de la influenza estacional, ya que su aplicaci\u00f3n durante este periodo atiende a la necesidad de reducir los factores que puedan agravar la actual pandemia de coronavirus.<\/p>\n<p style=\"font-weight: 400;\">\n<p style=\"font-weight: 400;\">Subray\u00f3 que las primeras vacunas contra la influenza A-H1N est\u00e1n destinadas para el personal m\u00e9dico, enfermeras, param\u00e9dicos, camilleros y laboratoristas, quienes en el presente a\u00f1o at\u00edpico debido a la pandemia por la COVID-19, han sido la fortaleza del sector salud.<\/p>\n<p style=\"font-weight: 400;\">\n<p style=\"font-weight: 400;\">El gobernador se\u00f1al\u00f3 que la vacuna se aplicar\u00e1 de forma prioritaria a los sectores vulnerables de la poblaci\u00f3n, que corresponde a los menores de 6 a 59 meses de edad y los mayores de 60 a\u00f1os; tambi\u00e9n a personas de entre 5 y 59 a\u00f1os de edad que se encuentren en situaci\u00f3n de riesgo, como son pacientes con enfermedades cr\u00f3nicas y las mujeres embarazadas.<\/p>\n<p style=\"font-weight: 400;\">\n<p style=\"font-weight: 400;\">Acompa\u00f1ado por representantes del ISSEA, IMSS e ISSSTE, el mandatario inform\u00f3 que en Aguascalientes se aplicar\u00e1n 389 mil 320 dosis de la vacuna que ser\u00e1n distribuidas de la siguiente manera: ISSEA 175 mil 172, IMSS 184 mil 961 e ISSSTE 29 mil 187 dosis.<\/p>\n<p style=\"font-weight: 400;\">\n<p style=\"font-weight: 400;\">El gobernador resalt\u00f3 que la aplicaci\u00f3n de la vacuna contra la influenza estacional se llevar\u00e1 a cabo del 01 de octubre al 31 de diciembre del 2020 y que el ISSEA garantiza la disponibilidad de la vacuna en los 83 Centros de Salud ubicados en todo el estado.<\/p>\n<p style=\"font-weight: 400;\">\n<p style=\"font-weight: 400;\">Antes de que las enfermeras del Centro de Salud Arboledas aplicaran las primeras dosis a personal de la salud, adultos mayores y personas con enfermedades cr\u00f3nicas pidi\u00f3 a los y los aguascalentenses a continuar con las medidas de prevenci\u00f3n: usar el cubreboca, lavarse las manos, usar alcohol gel, evitar sitios con aglomeraciones y no saludar de mano.<\/p>\n<p style=\"font-weight: 400;\">\n<p style=\"font-weight: 400;\">Por otra parte, Miguel \u00c1ngel Piza Jim\u00e9nez, secretario de salud y director del ISSEA, manifest\u00f3 que si algo han ense\u00f1ado la influenza y el coronavirus es que la higiene personal es el escudo que nos va a proteger para retomar nuestras actividades econ\u00f3micas, familiares y sociales.<\/p>\n<p style=\"font-weight: 400;\">\n<p style=\"font-weight: 400;\">\u201cEsta enfermedad afecta las v\u00edas respiratorias de los m\u00e1s vulnerables, por eso estaremos aplicando las dosis a ni\u00f1os, adultos mayores, pacientes con enfermedades cr\u00f3nicas o de inmunodeficiencia, una vez que concluyamos con el personal de la salud. Es importante que nadie de los grupos vulnerables se quede sin vacunar\u201d, mencion\u00f3.<\/p>\n","protected":false},"excerpt":{"rendered":"<p>Las 389 mil 320 dosis ser\u00e1n distribuidos en los 83 Centro de Salud de todo el estado y en cl\u00ednicas del IMSS e ISSSTE La vacuna se aplicar\u00e1 de forma prioritaria a personal de la salud, ni\u00f1os, adultos mayores y personas con enfermedades cr\u00f3nicas\u00a0 La campa\u00f1a de la vacuna contra la influenza estacional se llevar\u00e1 [&hellip;]<\/p>\n","protected":false},"author":1,"featured_media":12098,"comment_status":"closed","ping_status":"open","sticky":false,"template":"","format":"standard","meta":{"advanced_seo_description":"","jetpack_seo_html_title":"","jetpack_seo_noindex":false,"_jetpack_memberships_contains_paid_content":false,"footnotes":"","jetpack_publicize_message":"","jetpack_publicize_feature_enabled":true,"jetpack_social_post_already_shared":true,"jetpack_social_options":{"image_generator_settings":{"template":"highway","default_image_id":0,"font":"","enabled":false},"version":2}},"categories":[21,4],"tags":[22,30,31],"class_list":["post-12097","post","type-post","status-publish","format-standard","has-post-thumbnail","hentry","category-aguascalientes","category-gobierno-del-estado-aguascalientes","tag-aguascalientes","tag-issea","tag-mos"],"jetpack_publicize_connections":[],"jetpack_featured_media_url":"https:\/\/i0.wp.com\/informativoelvalledeaguascalientes.online\/wp-content\/uploads\/2020\/10\/mos_issea_01102020.jpg?fit=589%2C576&ssl=1","jetpack-related-posts":[],"jetpack_sharing_enabled":true,"jetpack_likes_enabled":true,"_links":{"self":[{"href":"https:\/\/informativoelvalledeaguascalientes.online\/index.php?rest_route=\/wp\/v2\/posts\/12097","targetHints":{"allow":["GET"]}}],"collection":[{"href":"https:\/\/informativoelvalledeaguascalientes.online\/index.php?rest_route=\/wp\/v2\/posts"}],"about":[{"href":"https:\/\/informativoelvalledeaguascalientes.online\/index.php?rest_route=\/wp\/v2\/types\/post"}],"author":[{"embeddable":true,"href":"https:\/\/informativoelvalledeaguascalientes.online\/index.php?rest_route=\/wp\/v2\/users\/1"}],"replies":[{"embeddable":true,"href":"https:\/\/informativoelvalledeaguascalientes.online\/index.php?rest_route=%2Fwp%2Fv2%2Fcomments&post=12097"}],"version-history":[{"count":1,"href":"https:\/\/informativoelvalledeaguascalientes.online\/index.php?rest_route=\/wp\/v2\/posts\/12097\/revisions"}],"predecessor-version":[{"id":12099,"href":"https:\/\/informativoelvalledeaguascalientes.online\/index.php?rest_route=\/wp\/v2\/posts\/12097\/revisions\/12099"}],"wp:featuredmedia":[{"embeddable":true,"href":"https:\/\/informativoelvalledeaguascalientes.online\/index.php?rest_route=\/wp\/v2\/media\/12098"}],"wp:attachment":[{"href":"https:\/\/informativoelvalledeaguascalientes.online\/index.php?rest_route=%2Fwp%2Fv2%2Fmedia&parent=12097"}],"wp:term":[{"taxonomy":"category","embeddable":true,"href":"https:\/\/informativoelvalledeaguascalientes.online\/index.php?rest_route=%2Fwp%2Fv2%2Fcategories&post=12097"},{"taxonomy":"post_tag","embeddable":true,"href":"https:\/\/informativoelvalledeaguascalientes.online\/index.php?rest_route=%2Fwp%2Fv2%2Ftags&post=12097"}],"curies":[{"name":"wp","href":"https:\/\/api.w.org\/{rel}","templated":true}]}}