{"id":12014,"date":"2020-09-29T21:40:53","date_gmt":"2020-09-30T03:40:53","guid":{"rendered":"https:\/\/informativoelvalledeaguascalientes.online\/?p=12014"},"modified":"2020-09-29T21:40:53","modified_gmt":"2020-09-30T03:40:53","slug":"encendio-tere-jimenez-moderno-alumbrado-led-en-el-barrio-del-encino-y-jardin-carpio","status":"publish","type":"post","link":"https:\/\/informativoelvalledeaguascalientes.online\/?p=12014","title":{"rendered":"ENCENDI\u00d3 TERE JIM\u00c9NEZ MODERNO ALUMBRADO LED EN EL BARRIO DEL ENCINO Y JARD\u00cdN CARPIO"},"content":{"rendered":"<ul>\n<li><strong>Se consolida Aguascalientes como ciudad blanca, brindando espacios seguros para las familias<\/strong><\/li>\n<\/ul>\n<p>Cumpliendo con el compromiso de modernizar todo el alumbrado p\u00fablico del municipio de Aguascalientes, la alcaldesa\u00a0<strong>Tere Jim\u00e9nez<\/strong>\u00a0encendi\u00f3 la noche de este lunes, las nuevas luminarias de tecnolog\u00eda led en el Barrio del Encino y\u00a0 Jard\u00edn Carpio y calles aleda\u00f1as, sitios de gran tradici\u00f3n e historia.<\/p>\n<p>Para el encendido inaugural se cont\u00f3 con la presencia del p\u00e1rroco del Templo del Encino\u00a0<strong>Manuel Gonz\u00e1lez<\/strong>, as\u00ed como de diputados, regidores y funcionarios municipales.<\/p>\n<p>En su mensaje\u00a0<strong>Tere Jim\u00e9nez<\/strong>\u00a0afirm\u00f3 que Aguascalientes se est\u00e1 consolidando como ciudad blanca al ocupar el primer lugar nacional en satisfacci\u00f3n en este rubro, por lo que con estas acciones seguir\u00e1 brindando a las familias espacios m\u00e1s seguros para transitar y para la convivencia.<\/p>\n<p>En este sentido, asegur\u00f3 que en 2021 todas las calles, avenidas, colonias y comunidades de la capital contar\u00e1n con luz blanca, que adem\u00e1s de proporcionar mejor visibilidad, ahorra energ\u00eda, tiene mayor duraci\u00f3n que la luz amarilla y es amigable con el medio ambiente.<\/p>\n<p><strong>Miriam Rodr\u00edguez Tiscare\u00f1o<\/strong>, titular de la Secretar\u00eda de Servicios P\u00fablicos (SSP), explic\u00f3 que en el\u00a0 Barrio del Encino se han sustituido alrededor de 300 luminarias. Se apoy\u00f3 con la rehabilitaci\u00f3n del alumbrado de la fachada del templo y en la parte del jard\u00edn,\u00a0 se instalaron en los faroles tradicionales focos led, al igual que en una parte de los que se ubican en la calle Dr. D\u00edaz de Le\u00f3n,\u00a0 respetando su esencia y arquitectura.<\/p>\n<p>Por otra parte, en el Jard\u00edn Carpio y calles aleda\u00f1as, se sustituyeron alrededor de 150 luminarias de luz amarilla por luz led, las cuales proporcionan mayor visibilidad a los ni\u00f1os que usan los juegos que ah\u00ed se encuentran y a los cientos de personas que pasean a diario por el lugar o que acuden en \u00e9poca navide\u00f1a a comprar art\u00edculos t\u00edpicos de esta festividad.<\/p>\n<p>&nbsp;<\/p>\n","protected":false},"excerpt":{"rendered":"<p>Se consolida Aguascalientes como ciudad blanca, brindando espacios seguros para las familias Cumpliendo con el compromiso de modernizar todo el alumbrado p\u00fablico del municipio de Aguascalientes, la alcaldesa\u00a0Tere Jim\u00e9nez\u00a0encendi\u00f3 la noche de este lunes, las nuevas luminarias de tecnolog\u00eda led en el Barrio del Encino y\u00a0 Jard\u00edn Carpio y calles aleda\u00f1as, sitios de gran tradici\u00f3n [&hellip;]<\/p>\n","protected":false},"author":1,"featured_media":12015,"comment_status":"closed","ping_status":"open","sticky":false,"template":"","format":"standard","meta":{"advanced_seo_description":"","jetpack_seo_html_title":"","jetpack_seo_noindex":false,"_jetpack_memberships_contains_paid_content":false,"footnotes":"","jetpack_publicize_message":"","jetpack_publicize_feature_enabled":true,"jetpack_social_post_already_shared":true,"jetpack_social_options":{"image_generator_settings":{"template":"highway","default_image_id":0,"font":"","enabled":false},"version":2}},"categories":[21,3],"tags":[22,25],"class_list":["post-12014","post","type-post","status-publish","format-standard","has-post-thumbnail","hentry","category-aguascalientes","category-municipio-aguascalientes","tag-aguascalientes","tag-mpio-aguascalientes"],"jetpack_publicize_connections":[],"jetpack_featured_media_url":"https:\/\/i0.wp.com\/informativoelvalledeaguascalientes.online\/wp-content\/uploads\/2020\/09\/alumbrado.jpg?fit=725%2C482&ssl=1","jetpack-related-posts":[],"jetpack_sharing_enabled":true,"jetpack_likes_enabled":true,"_links":{"self":[{"href":"https:\/\/informativoelvalledeaguascalientes.online\/index.php?rest_route=\/wp\/v2\/posts\/12014","targetHints":{"allow":["GET"]}}],"collection":[{"href":"https:\/\/informativoelvalledeaguascalientes.online\/index.php?rest_route=\/wp\/v2\/posts"}],"about":[{"href":"https:\/\/informativoelvalledeaguascalientes.online\/index.php?rest_route=\/wp\/v2\/types\/post"}],"author":[{"embeddable":true,"href":"https:\/\/informativoelvalledeaguascalientes.online\/index.php?rest_route=\/wp\/v2\/users\/1"}],"replies":[{"embeddable":true,"href":"https:\/\/informativoelvalledeaguascalientes.online\/index.php?rest_route=%2Fwp%2Fv2%2Fcomments&post=12014"}],"version-history":[{"count":1,"href":"https:\/\/informativoelvalledeaguascalientes.online\/index.php?rest_route=\/wp\/v2\/posts\/12014\/revisions"}],"predecessor-version":[{"id":12016,"href":"https:\/\/informativoelvalledeaguascalientes.online\/index.php?rest_route=\/wp\/v2\/posts\/12014\/revisions\/12016"}],"wp:featuredmedia":[{"embeddable":true,"href":"https:\/\/informativoelvalledeaguascalientes.online\/index.php?rest_route=\/wp\/v2\/media\/12015"}],"wp:attachment":[{"href":"https:\/\/informativoelvalledeaguascalientes.online\/index.php?rest_route=%2Fwp%2Fv2%2Fmedia&parent=12014"}],"wp:term":[{"taxonomy":"category","embeddable":true,"href":"https:\/\/informativoelvalledeaguascalientes.online\/index.php?rest_route=%2Fwp%2Fv2%2Fcategories&post=12014"},{"taxonomy":"post_tag","embeddable":true,"href":"https:\/\/informativoelvalledeaguascalientes.online\/index.php?rest_route=%2Fwp%2Fv2%2Ftags&post=12014"}],"curies":[{"name":"wp","href":"https:\/\/api.w.org\/{rel}","templated":true}]}}