{"id":11886,"date":"2020-09-27T21:01:58","date_gmt":"2020-09-28T03:01:58","guid":{"rendered":"https:\/\/informativoelvalledeaguascalientes.online\/?p=11886"},"modified":"2020-09-27T21:01:58","modified_gmt":"2020-09-28T03:01:58","slug":"se-siguen-sumando-jovenes-al-pri-luis-larios-y-silvia-kareni-dirigentes-del-movimiento-juvenil-mexicano-en-aguascalientes","status":"publish","type":"post","link":"https:\/\/informativoelvalledeaguascalientes.online\/?p=11886","title":{"rendered":"SE SIGUEN SUMANDO J\u00d3VENES AL PRI: LUIS LARIOS Y SILVIA KARENI DIRIGENTES DEL MOVIMIENTO JUVENIL MEXICANO EN AGUASCALIENTES"},"content":{"rendered":"<p>Aguascalientes es el s\u00e9ptimo Estado de las 32 entidades federativas del pa\u00eds que tenemos representaci\u00f3n en el Comit\u00e9 Pol\u00edtico Nacional del Movimiento Juvenil Mexicano A.C, organizaci\u00f3n priista que preside el maestro Ulises Pat Tamayo.<\/p>\n<p>&nbsp;<\/p>\n<p>Como parte de las actividades para conmemorar el natalicio de Plutarco El\u00edas Calles, fundador del PNR hoy nuestro PRI, con la grata presencia del presidente Ulises Pat Tamayo, en la sede tricolor en un evento que predomino el \u00e1nimo y el entusiasmo, les tom\u00f3 la protesta estatutaria a: presidente Luis Ra\u00fal Delgado Larios y la secretaria general, Silvia Kareni Reyes Rosas, adem\u00e1s de los j\u00f3venes Diego Alejandro Valdivia, como subsecretario de propaganda y comunicaci\u00f3n; Itzel Iveth Telles Marmolejo, secretaria de vinculaci\u00f3n; Claudia Leticia Garc\u00eda Gonz\u00e1lez, secretaria de organizaci\u00f3n; Rafael S\u00e1nchez Gonz\u00e1lez, vinculaci\u00f3n social\u00a0 y grupos vulnerables.<\/p>\n<p>&nbsp;<\/p>\n<p>\u201cHoy los j\u00f3venes jugamos un papel muy importante dentro de la pol\u00edtica, nuestro presidente nacional del PRI, Alejandro Moreno C\u00e1rdenas se caracteriza por darle espacios a los nuevos cuadros priistas. Desde agosto del mes pasado aprobamos la reforma del 1 de 3 que significa que 1 de cada 3 candidaturas ser\u00e1 para los j\u00f3venes. El 30 % de las candidaturas son para los j\u00f3venes\u201d, afirm\u00f3 el l\u00edder nacional.<\/p>\n<p>&nbsp;<\/p>\n<p>Puntualiz\u00f3 adem\u00e1s que los j\u00f3venes dar\u00e1n la cara por el PRI en Aguascalientes y en el pa\u00eds, que con capacidades y no en edades, dignificar\u00e1n al tricolor para darle un mejor presente y futuro a M\u00e9xico.<\/p>\n<p>&nbsp;<\/p>\n<p>\u201cLas nuevas generaciones van a disfrutar lo que verdaderamente sembremos como partido y como generaci\u00f3n de cambios. El PRI se est\u00e1 renovando y estamos listos para ganar las elecciones del 2021, los j\u00f3venes debemos reivindicar y dignificar la pol\u00edtica\u201d.<\/p>\n<p>&nbsp;<\/p>\n<p>El delegado del CEN del PRI, Luis Antonio Mu\u00f1oz Mosqueda, manifest\u00f3 su benepl\u00e1cito por el evento de j\u00f3venes y el nombramiento de los presentes, que con una visi\u00f3n diferente de vida, ilusiones y que entusiasmo dar\u00e1n la cara por el PRI.<\/p>\n<p>&nbsp;<\/p>\n<p>\u201cYo reconozco y le agradezco al PRI que desde joven me han dado oportunidades, yo tambi\u00e9n llegue como seguramente lo han hecho varios de ustedes, desde pagar pendones en las calles trepados en las escaleras, luego dar discursos, luego ser diputado federal y m\u00e1s tarde dirigir organizaciones en el PRI el mejor partido de M\u00e9xico\u201d.<\/p>\n<p>&nbsp;<\/p>\n<p>La secretaria general del CDE del PRI, Leslie Atilano Tapia, destac\u00f3 que los j\u00f3venes tienen talento, creatividad e innovaci\u00f3n, que adem\u00e1s tiene un gran reto de representar al partido y coadyuvar a recuperar la credibilidad de la ciudadan\u00eda, con transparencia, convicci\u00f3n y trabajo, juntos lo vamos a lograr.<\/p>\n<p>&nbsp;<\/p>\n<p>\u201cQueremos que m\u00e1s y m\u00e1s j\u00f3venes se integren al Partido de M\u00e9xico, de universidades, bachilleratos, de todas las instituciones todos son bienvenidos a abanderar las causas sociales\u201d.<\/p>\n<p>&nbsp;<\/p>\n<p>Tras rendir protesta como presidente Luis Larios, agradeci\u00f3 el respaldo de los presentes y su familia, as\u00ed como a la organizaci\u00f3n y la oportunidad de tomar las riendas del movimiento en Aguascalientes, se comprometi\u00f3 a trabajar con disposici\u00f3n y sin descanso con la estructura juvenil.<\/p>\n<p>&nbsp;<\/p>\n<p>\u201cDesde hace m\u00e1s de 13 a\u00f1os estoy trabajando en mi partido el PRI, gracias a la maestra Dennis Ibarra que me dio la oportunidad y me ense\u00f1\u00f3 el trabajo en equipo y sus valores, adem\u00e1s de abanderar las causas sociales, eso es un doble compromiso para m\u00ed. Los j\u00f3venes somos agentes de cambio y tenemos una enorme responsabilidad para trabajar por nuestra gente y nuestra instituci\u00f3n, fortaleci\u00e9ndonos, sumando, trabajando, construyendo y sobre todo como parte protag\u00f3nica en la historia que hoy se escribe, con la experiencia de los l\u00edderes todos a formar un ej\u00e9rcito\u201d.<\/p>\n<p>&nbsp;<\/p>\n<p>Por su parte la secretaria general Silvia Kareni Reyes Rosas, de igual manera agradeci\u00f3 a la dirigencia del CDE del PRI en Aguascalientes, por la oportunidad al dirigente nacional Ulises Pat y el respaldo en el estado de su amigo Jos\u00e9 Carlos Lozano Rivera R\u00edo.<\/p>\n<p>&nbsp;<\/p>\n<p>\u201cPara m\u00ed es grato recibir el nombramiento, agradezco la confianza, aprovecharemos la oportunidad para trabajar de forma constructiva, uniendo esfuerzos para conseguir una mejor sociedad buscando el bien com\u00fan\u201d.<\/p>\n<p>&nbsp;<\/p>\n<p>Para concluir el presidente del CDE del PRI, Herminio Ventura Rodr\u00edguez, clausur\u00f3 el evento al tiempo que exhort\u00f3 a los j\u00f3venes a trabajar por el PRI.<\/p>\n<p>&nbsp;<\/p>\n<p>\u201cLos necesitamos con su empuje y vitalidad, de esta manera lograremos los objetivos planteados, con la buena pol\u00edtica que ustedes hagan y con la de esos que est\u00e1n en la c\u00e1rcel de la que son responsables de la crisis de nuestro partido. Sigamos trabajando para que nuestra sociedad nos vea como siempre por el partido m\u00e1s grande de M\u00e9xico\u201d.<\/p>\n","protected":false},"excerpt":{"rendered":"<p>Aguascalientes es el s\u00e9ptimo Estado de las 32 entidades federativas del pa\u00eds que tenemos representaci\u00f3n en el Comit\u00e9 Pol\u00edtico Nacional del Movimiento Juvenil Mexicano A.C, organizaci\u00f3n priista que preside el maestro Ulises Pat Tamayo. &nbsp; Como parte de las actividades para conmemorar el natalicio de Plutarco El\u00edas Calles, fundador del PNR hoy nuestro PRI, con [&hellip;]<\/p>\n","protected":false},"author":1,"featured_media":11887,"comment_status":"closed","ping_status":"open","sticky":false,"template":"","format":"standard","meta":{"advanced_seo_description":"","jetpack_seo_html_title":"","jetpack_seo_noindex":false,"_jetpack_memberships_contains_paid_content":false,"footnotes":"","jetpack_publicize_message":"","jetpack_publicize_feature_enabled":true,"jetpack_social_post_already_shared":true,"jetpack_social_options":{"image_generator_settings":{"template":"highway","default_image_id":0,"font":"","enabled":false},"version":2}},"categories":[21,19,6,9],"tags":[22,33],"class_list":["post-11886","post","type-post","status-publish","format-standard","has-post-thumbnail","hentry","category-aguascalientes","category-informacion-general","category-partidos-politicos","category-pri-aguascalientes","tag-aguascalientes","tag-pri-aguascalientes-cde"],"jetpack_publicize_connections":[],"jetpack_featured_media_url":"https:\/\/i0.wp.com\/informativoelvalledeaguascalientes.online\/wp-content\/uploads\/2020\/09\/pri_ags_cde_26092020.jpg?fit=940%2C625&ssl=1","jetpack-related-posts":[],"jetpack_sharing_enabled":true,"jetpack_likes_enabled":true,"_links":{"self":[{"href":"https:\/\/informativoelvalledeaguascalientes.online\/index.php?rest_route=\/wp\/v2\/posts\/11886","targetHints":{"allow":["GET"]}}],"collection":[{"href":"https:\/\/informativoelvalledeaguascalientes.online\/index.php?rest_route=\/wp\/v2\/posts"}],"about":[{"href":"https:\/\/informativoelvalledeaguascalientes.online\/index.php?rest_route=\/wp\/v2\/types\/post"}],"author":[{"embeddable":true,"href":"https:\/\/informativoelvalledeaguascalientes.online\/index.php?rest_route=\/wp\/v2\/users\/1"}],"replies":[{"embeddable":true,"href":"https:\/\/informativoelvalledeaguascalientes.online\/index.php?rest_route=%2Fwp%2Fv2%2Fcomments&post=11886"}],"version-history":[{"count":1,"href":"https:\/\/informativoelvalledeaguascalientes.online\/index.php?rest_route=\/wp\/v2\/posts\/11886\/revisions"}],"predecessor-version":[{"id":11888,"href":"https:\/\/informativoelvalledeaguascalientes.online\/index.php?rest_route=\/wp\/v2\/posts\/11886\/revisions\/11888"}],"wp:featuredmedia":[{"embeddable":true,"href":"https:\/\/informativoelvalledeaguascalientes.online\/index.php?rest_route=\/wp\/v2\/media\/11887"}],"wp:attachment":[{"href":"https:\/\/informativoelvalledeaguascalientes.online\/index.php?rest_route=%2Fwp%2Fv2%2Fmedia&parent=11886"}],"wp:term":[{"taxonomy":"category","embeddable":true,"href":"https:\/\/informativoelvalledeaguascalientes.online\/index.php?rest_route=%2Fwp%2Fv2%2Fcategories&post=11886"},{"taxonomy":"post_tag","embeddable":true,"href":"https:\/\/informativoelvalledeaguascalientes.online\/index.php?rest_route=%2Fwp%2Fv2%2Ftags&post=11886"}],"curies":[{"name":"wp","href":"https:\/\/api.w.org\/{rel}","templated":true}]}}