{"id":11877,"date":"2020-09-27T20:54:33","date_gmt":"2020-09-28T02:54:33","guid":{"rendered":"https:\/\/informativoelvalledeaguascalientes.online\/?p=11877"},"modified":"2020-09-27T20:54:33","modified_gmt":"2020-09-28T02:54:33","slug":"una-educacion-sexual-integral-libre-de-prejuicios-permitira-prevenir-embarazos-en-adolescentes-prd-aguascalientes","status":"publish","type":"post","link":"https:\/\/informativoelvalledeaguascalientes.online\/?p=11877","title":{"rendered":"Una educaci\u00f3n sexual integral libre de prejuicios permitir\u00e1 prevenir embarazos en adolescentes: PRD Aguascalientes"},"content":{"rendered":"<p>Regidora perredista destaca la urgente necesidad de coordinaci\u00f3n entre los tres niveles de gobierno para combatir y prevenir el embarazo adolescente.<\/p>\n<p>En promedio, de 5 a 10 madres adolescentes buscan ayuda con la regidora capitalina para alimentaci\u00f3n por la falta de oportunidades para su desarrollo.<\/p>\n<p>Los embarazos adolescentes en Aguascalientes siguen siendo de las principales razones de deserci\u00f3n de las mujeres en educaci\u00f3n b\u00e1sica (secundaria y bachillerato) en edad de 14 a 17 a\u00f1os, seg\u00fan la \u00faltima consulta Infantil y Juvenil del Instituto Nacional Electoral\u00a02019. En el marco del D\u00eda Nacional para la Prevenci\u00f3n del Embarazo Adolescente, la regidora perredista Juanis Mart\u00ednez Mel\u00e9ndez, reitera la urgente necesidad de una verdadera coordinaci\u00f3n entre los tres niveles de gobierno para combatir y prevenir este fen\u00f3meno que tanto afecta a la sociedad.<\/p>\n<p>Como presidenta de la Comisi\u00f3n de Igualdad y G\u00e9nero atiende en promedio de 5 a 10 j\u00f3venes adolescentes al mes, que solicitan apoyo econ\u00f3mico para alimentaci\u00f3n, ya que, al no contar con estudios ni formaci\u00f3n para el trabajo, es dif\u00edcil mantenerse a ellas y a sus hijos. \u201cEs una problem\u00e1tica grave que en lugar de ir a la baja se eleva, lo que muestra la nula efectividad de los programas de gobierno, por eso tenemos que mirar hacia la verdadera ra\u00edz, redise\u00f1ar estrategias, pero sobre todo, entender que se requieren de pol\u00edticas p\u00fablicas integrales de largo alcance\u201d.<\/p>\n<p>A su vez record\u00f3 que la educaci\u00f3n basada en estereotipos y prejuicios ha causado que la mujer sea la \u00fanica responsable del embarazo, dejando de lado al padre que com\u00fanmente se aleja y abandona, porque son tan j\u00f3venes que no tienen la madurez para formar una familia, y solo se unieron por deseo de tener actividad sexual, \u201chay mucha problem\u00e1tica alrededor que no solo es de salud, las familias tienen un papel vital para prevenir tanto los embarazos no deseados como las violencias generadas por una falta de educaci\u00f3n sexual\u201d.<\/p>\n<p>La especialista en educaci\u00f3n sexual integral, Verona Valencia Garc\u00eda, enfatiz\u00f3 en que los efectos secundarios de un embarazo adolescente son mucho m\u00e1s agresivos para las madres, a ellas se les restringen todos sus derechos, se les saca de la escuela y no permiten que sigan estudiando, se les culpa de todo en la familia, se convierten en las trabajadoras dom\u00e9sticas de la casa para compensar \u201cel error\u201d; incluso se les restringe su libertad al no dejarla salir sino va acompa\u00f1ada de alguien de la familia y con el beb\u00e9, \u201cpor eso pasa que cuando ella tiene la posibilidad de salir y ejercer su libertad generalmente vuelve a tener relaciones sexuales sin protecci\u00f3n y vuelve a quedar embarazada, es un c\u00edrculo de violencia muy arraigado\u201d.<\/p>\n<p>Uno de los componentes vitales para su atenci\u00f3n y prevenci\u00f3n es lo comunitario, por lo que considera que el sistema gubernamental deber\u00e1 apostarle a tejer redes con la comunidad y crear replicadores de la educaci\u00f3n sexual integral; enfocarse en las \u00e1reas geogr\u00e1ficas con mayor incidencia en embarazos adolescentes con programas que vayan m\u00e1s all\u00e1 de los trienios y sexenios, \u201cnecesitamos gente comprometida con el combate a esta problem\u00e1tica, que sobrepasen los gobiernos en turno, porque para que exista una verdadera efectividad se necesitan a\u00f1os de trabajo con personal capacitado, con la comunidad y un equipo sectorial\u201d.<\/p>\n<p>Valencia Garc\u00eda hizo un llamado a la poblaci\u00f3n a no temerle a la educaci\u00f3n sexual integral cient\u00edfica y laica, puesto que la prevenci\u00f3n de infecciones de transmisi\u00f3n sexual, embarazos no planeados y m\u00faltiples tipos de violencia (sobre todo la sexual) se logra con una educaci\u00f3n mucho tiempo antes de que comience la pubertad, \u201cuna ESI que toque lo emocional, afectivo, biol\u00f3gico, social, desde la perspectiva de g\u00e9nero, da la posibilidad de un retraso en la vida sexual activa de las y los adolescentes, o bien, si deciden iniciar su vida sexual tan j\u00f3venes, que tengan toda la informaci\u00f3n con m\u00e9todos anticonceptivos reales sin tab\u00faes ni mitos que permitan prevenir los embarazos y la propagaci\u00f3n de las ETS\u201d.<\/p>\n","protected":false},"excerpt":{"rendered":"<p>Regidora perredista destaca la urgente necesidad de coordinaci\u00f3n entre los tres niveles de gobierno para combatir y prevenir el embarazo adolescente. En promedio, de 5 a 10 madres adolescentes buscan ayuda con la regidora capitalina para alimentaci\u00f3n por la falta de oportunidades para su desarrollo. Los embarazos adolescentes en Aguascalientes siguen siendo de las principales [&hellip;]<\/p>\n","protected":false},"author":1,"featured_media":11878,"comment_status":"closed","ping_status":"open","sticky":false,"template":"","format":"standard","meta":{"advanced_seo_description":"","jetpack_seo_html_title":"","jetpack_seo_noindex":false,"_jetpack_memberships_contains_paid_content":false,"footnotes":"","jetpack_publicize_message":"","jetpack_publicize_feature_enabled":true,"jetpack_social_post_already_shared":true,"jetpack_social_options":{"image_generator_settings":{"template":"highway","default_image_id":0,"font":"","enabled":false},"version":2}},"categories":[21,3],"tags":[22,40],"class_list":["post-11877","post","type-post","status-publish","format-standard","has-post-thumbnail","hentry","category-aguascalientes","category-municipio-aguascalientes","tag-aguascalientes","tag-prd-aguascalientes"],"jetpack_publicize_connections":[],"jetpack_featured_media_url":"https:\/\/i0.wp.com\/informativoelvalledeaguascalientes.online\/wp-content\/uploads\/2020\/09\/Regidora-Juanis-Mart%C3%ADnez.jpeg?fit=1280%2C853&ssl=1","jetpack-related-posts":[],"jetpack_sharing_enabled":true,"jetpack_likes_enabled":true,"_links":{"self":[{"href":"https:\/\/informativoelvalledeaguascalientes.online\/index.php?rest_route=\/wp\/v2\/posts\/11877","targetHints":{"allow":["GET"]}}],"collection":[{"href":"https:\/\/informativoelvalledeaguascalientes.online\/index.php?rest_route=\/wp\/v2\/posts"}],"about":[{"href":"https:\/\/informativoelvalledeaguascalientes.online\/index.php?rest_route=\/wp\/v2\/types\/post"}],"author":[{"embeddable":true,"href":"https:\/\/informativoelvalledeaguascalientes.online\/index.php?rest_route=\/wp\/v2\/users\/1"}],"replies":[{"embeddable":true,"href":"https:\/\/informativoelvalledeaguascalientes.online\/index.php?rest_route=%2Fwp%2Fv2%2Fcomments&post=11877"}],"version-history":[{"count":1,"href":"https:\/\/informativoelvalledeaguascalientes.online\/index.php?rest_route=\/wp\/v2\/posts\/11877\/revisions"}],"predecessor-version":[{"id":11879,"href":"https:\/\/informativoelvalledeaguascalientes.online\/index.php?rest_route=\/wp\/v2\/posts\/11877\/revisions\/11879"}],"wp:featuredmedia":[{"embeddable":true,"href":"https:\/\/informativoelvalledeaguascalientes.online\/index.php?rest_route=\/wp\/v2\/media\/11878"}],"wp:attachment":[{"href":"https:\/\/informativoelvalledeaguascalientes.online\/index.php?rest_route=%2Fwp%2Fv2%2Fmedia&parent=11877"}],"wp:term":[{"taxonomy":"category","embeddable":true,"href":"https:\/\/informativoelvalledeaguascalientes.online\/index.php?rest_route=%2Fwp%2Fv2%2Fcategories&post=11877"},{"taxonomy":"post_tag","embeddable":true,"href":"https:\/\/informativoelvalledeaguascalientes.online\/index.php?rest_route=%2Fwp%2Fv2%2Ftags&post=11877"}],"curies":[{"name":"wp","href":"https:\/\/api.w.org\/{rel}","templated":true}]}}