{"id":11874,"date":"2020-09-25T20:27:57","date_gmt":"2020-09-26T02:27:57","guid":{"rendered":"https:\/\/informativoelvalledeaguascalientes.online\/?p=11874"},"modified":"2020-09-25T20:27:57","modified_gmt":"2020-09-26T02:27:57","slug":"municipio-de-aguascalientes-es-primer-lugar-nacional-en-satisfaccion-de-alumbrado-publico","status":"publish","type":"post","link":"https:\/\/informativoelvalledeaguascalientes.online\/?p=11874","title":{"rendered":"MUNICIPIO DE AGUASCALIENTES ES PRIMER LUGAR NACIONAL EN SATISFACCI\u00d3N DE ALUMBRADO P\u00daBLICO"},"content":{"rendered":"<ul>\n<li><b>La alcaldesa Tere Jim\u00e9nez reconoci\u00f3 a trabajadores que han sido pieza clave para lograr la sustituci\u00f3n por l\u00e1mparas con tecnolog\u00eda led<\/b><\/li>\n<\/ul>\n<p>Por primera vez\u00a0 el Municipio de Aguascalientes rinde homenaje al personal de la direcci\u00f3n de Alumbrado P\u00fablico con motivo del D\u00eda del Electricista que se celebra el 27 de septiembre, en un evento presidido por la alcaldesa\u00a0<strong>Tere Jim\u00e9nez<\/strong>, que se llev\u00f3 a cabo este viernes en la sala magna del edificio de Cuerpos Acad\u00e9micos y Posgrado del Instituto Tecnol\u00f3gico de Aguascalientes.<\/p>\n<p>La alcaldesa destac\u00f3 que Aguascalientes se posiciona como el estado con mayor satisfacci\u00f3n a nivel nacional en materia de alumbrado p\u00fablico, obteniendo un porcentaje de 60.1, mientras que la media nacional fue de 38.2 por ciento, de acuerdo a la Encuesta Nacional de Calidad e Impacto Gubernamental (ENCIG) 2019, del Instituto Nacional de Estad\u00edstica y Geograf\u00eda (INEGI).<\/p>\n<p>Esto gracias a los importantes trabajos que ha realizado esta \u00e1rea para consolidar a Aguascalientes como una ciudad iluminada y segura,\u00a0sustituyendo a la fecha m\u00e1s del 80% de las l\u00e1mparas de vapor de sodio y aditivo met\u00e1lico por iluminaci\u00f3n led en colonias, comunidades, vialidades y espacios p\u00fablicos.<\/p>\n<p>Mencion\u00f3 que cumplir\u00e1 con el compromiso de lograr el 100% del alumbrado led, antes de que concluya su administraci\u00f3n.<\/p>\n<p><strong>Miriam Rodr\u00edguez Tiscare\u00f1o<\/strong>, secretaria de Servicios P\u00fablicos, dio a conocer que a partir de este a\u00f1o se acoger\u00e1 la fecha del D\u00eda del Electricista para reconocer la importante labor y el compromiso del personal de Alumbrado P\u00fablico, quienes se mantienen al servicio de la poblaci\u00f3n las 24 horas de los 365 d\u00edas del a\u00f1o, lo que aunado a su constante capacitaci\u00f3n y actualizaci\u00f3n, ha valido para posicionar a nuestro municipio en el primer lugar nacional en materia de alumbrado.<\/p>\n<p>Como parte de la celebraci\u00f3n, se llev\u00f3 a cabo una jornada de capacitaci\u00f3n para los trabajadores de alumbrado, adem\u00e1s de entregar distinciones a los de mayor antig\u00fcedad y jubilados, que han colaborado en cada una de las etapas de evoluci\u00f3n del sistema de iluminaci\u00f3n p\u00fablica.<\/p>\n","protected":false},"excerpt":{"rendered":"<p>La alcaldesa Tere Jim\u00e9nez reconoci\u00f3 a trabajadores que han sido pieza clave para lograr la sustituci\u00f3n por l\u00e1mparas con tecnolog\u00eda led Por primera vez\u00a0 el Municipio de Aguascalientes rinde homenaje al personal de la direcci\u00f3n de Alumbrado P\u00fablico con motivo del D\u00eda del Electricista que se celebra el 27 de septiembre, en un evento presidido [&hellip;]<\/p>\n","protected":false},"author":1,"featured_media":11875,"comment_status":"closed","ping_status":"open","sticky":false,"template":"","format":"standard","meta":{"advanced_seo_description":"","jetpack_seo_html_title":"","jetpack_seo_noindex":false,"_jetpack_memberships_contains_paid_content":false,"footnotes":"","jetpack_publicize_message":"","jetpack_publicize_feature_enabled":true,"jetpack_social_post_already_shared":true,"jetpack_social_options":{"image_generator_settings":{"template":"highway","default_image_id":0,"font":"","enabled":false},"version":2}},"categories":[21,3],"tags":[22,25],"class_list":["post-11874","post","type-post","status-publish","format-standard","has-post-thumbnail","hentry","category-aguascalientes","category-municipio-aguascalientes","tag-aguascalientes","tag-mpio-aguascalientes"],"jetpack_publicize_connections":[],"jetpack_featured_media_url":"https:\/\/i0.wp.com\/informativoelvalledeaguascalientes.online\/wp-content\/uploads\/2020\/09\/rg.jpg?fit=687%2C460&ssl=1","jetpack-related-posts":[],"jetpack_sharing_enabled":true,"jetpack_likes_enabled":true,"_links":{"self":[{"href":"https:\/\/informativoelvalledeaguascalientes.online\/index.php?rest_route=\/wp\/v2\/posts\/11874","targetHints":{"allow":["GET"]}}],"collection":[{"href":"https:\/\/informativoelvalledeaguascalientes.online\/index.php?rest_route=\/wp\/v2\/posts"}],"about":[{"href":"https:\/\/informativoelvalledeaguascalientes.online\/index.php?rest_route=\/wp\/v2\/types\/post"}],"author":[{"embeddable":true,"href":"https:\/\/informativoelvalledeaguascalientes.online\/index.php?rest_route=\/wp\/v2\/users\/1"}],"replies":[{"embeddable":true,"href":"https:\/\/informativoelvalledeaguascalientes.online\/index.php?rest_route=%2Fwp%2Fv2%2Fcomments&post=11874"}],"version-history":[{"count":1,"href":"https:\/\/informativoelvalledeaguascalientes.online\/index.php?rest_route=\/wp\/v2\/posts\/11874\/revisions"}],"predecessor-version":[{"id":11876,"href":"https:\/\/informativoelvalledeaguascalientes.online\/index.php?rest_route=\/wp\/v2\/posts\/11874\/revisions\/11876"}],"wp:featuredmedia":[{"embeddable":true,"href":"https:\/\/informativoelvalledeaguascalientes.online\/index.php?rest_route=\/wp\/v2\/media\/11875"}],"wp:attachment":[{"href":"https:\/\/informativoelvalledeaguascalientes.online\/index.php?rest_route=%2Fwp%2Fv2%2Fmedia&parent=11874"}],"wp:term":[{"taxonomy":"category","embeddable":true,"href":"https:\/\/informativoelvalledeaguascalientes.online\/index.php?rest_route=%2Fwp%2Fv2%2Fcategories&post=11874"},{"taxonomy":"post_tag","embeddable":true,"href":"https:\/\/informativoelvalledeaguascalientes.online\/index.php?rest_route=%2Fwp%2Fv2%2Ftags&post=11874"}],"curies":[{"name":"wp","href":"https:\/\/api.w.org\/{rel}","templated":true}]}}