{"id":11865,"date":"2020-09-25T20:06:56","date_gmt":"2020-09-26T02:06:56","guid":{"rendered":"https:\/\/informativoelvalledeaguascalientes.online\/?p=11865"},"modified":"2020-09-25T20:06:56","modified_gmt":"2020-09-26T02:06:56","slug":"reconocimiento-a-la-importante-contribucion-de-las-personas-de-la-tercera-edad-a-la-reconstitucion-del-tejido-social-en-calvillo","status":"publish","type":"post","link":"https:\/\/informativoelvalledeaguascalientes.online\/?p=11865","title":{"rendered":"Reconocimiento a la importante contribuci\u00f3n de las personas de la tercera edad a la reconstituci\u00f3n del tejido social en Calvillo"},"content":{"rendered":"<p style=\"font-weight: 400;\">\n<p style=\"font-weight: 400;\">Las personas de la tercera edad aportan experiencias positivas, ejemplos de superaci\u00f3n y pr\u00e1ctica de los valores universales que en conjunto ayudan a la reconstituci\u00f3n del tejido social, una contribuci\u00f3n muy importante y necesaria para Calvillo, se\u00f1al\u00f3 el presidente municipal Ad\u00e1n Valdivia L\u00f3pez, en un encuentro con integrantes del club de INAPAM en el Fraccionamiento Antorcha.<\/p>\n<p style=\"font-weight: 400;\">Acompa\u00f1ado de la presidenta del DIF Calvillo, Ana Iselda Guti\u00e9rrez Calvillo, el alcalde calvillense realiz\u00f3 un recorrido por ocho clubes, en la cabecera municipal y en comunidades, a donde las personas adultas mayores acuden para convivir y realizar diversas actividades de esparcimiento.<\/p>\n<p style=\"font-weight: 400;\">Ad\u00e1n Valdivia record\u00f3 que debido a la epidemia de COVID-19 se viven circunstancias especiales, en las que las personas adultas mayores deben tener precauciones especiales por ser un grupo de poblaci\u00f3n con mayor riesgo. Por ello el gobierno municipal ha implementado diversas acciones para reducir los riesgos de contagio sin dejar de atender las diversas necesidades de los ciudadanos, especialmente los de la tercera edad,<\/p>\n<p style=\"font-weight: 400;\">En su mensaje, Ana Iselda Guti\u00e9rrez recomend\u00f3 a los integrantes de los clubes cuidar su salud siguiendo las recomendaciones que con motivo de la epidemia de COVID-19 han establecido las autoridades sanitarias. Y dese\u00f3 que pronto mejoren las condiciones para permitir que en los clubes se puedan realizar todas las actividades de convivencia que regularmente se realizaban en beneficio de los adultos mayores.<\/p>\n<p style=\"font-weight: 400;\">En cada encuentro, el presidente municipal y la presidenta del DIF, junto con integrantes del gabinete municipal, escucharon propuestas e inquietudes de los adultos mayores y les ofrecieron los beneficios de los diversos programas sociales que desde el gobierno municipal se han establecido para ayudar a la poblaci\u00f3n a elevar su calidad de vida.<\/p>\n<p style=\"font-weight: 400;\">Actualmente, en los clubes de la tercera edad del municipio de Calvillo participan 1,850 personas.<\/p>\n","protected":false},"excerpt":{"rendered":"<p>Las personas de la tercera edad aportan experiencias positivas, ejemplos de superaci\u00f3n y pr\u00e1ctica de los valores universales que en conjunto ayudan a la reconstituci\u00f3n del tejido social, una contribuci\u00f3n muy importante y necesaria para Calvillo, se\u00f1al\u00f3 el presidente municipal Ad\u00e1n Valdivia L\u00f3pez, en un encuentro con integrantes del club de INAPAM en el Fraccionamiento [&hellip;]<\/p>\n","protected":false},"author":1,"featured_media":11866,"comment_status":"closed","ping_status":"open","sticky":false,"template":"","format":"standard","meta":{"advanced_seo_description":"","jetpack_seo_html_title":"","jetpack_seo_noindex":false,"_jetpack_memberships_contains_paid_content":false,"footnotes":"","jetpack_publicize_message":"","jetpack_publicize_feature_enabled":true,"jetpack_social_post_already_shared":true,"jetpack_social_options":{"image_generator_settings":{"template":"highway","default_image_id":0,"font":"","enabled":false},"version":2}},"categories":[21,13],"tags":[22,88,29],"class_list":["post-11865","post","type-post","status-publish","format-standard","has-post-thumbnail","hentry","category-aguascalientes","category-calvillo-aguascalientes","tag-aguascalientes","tag-calvillo","tag-calvillo-aguascalientes"],"jetpack_publicize_connections":[],"jetpack_featured_media_url":"https:\/\/i0.wp.com\/informativoelvalledeaguascalientes.online\/wp-content\/uploads\/2020\/09\/aqw.jpg?fit=676%2C442&ssl=1","jetpack-related-posts":[],"jetpack_sharing_enabled":true,"jetpack_likes_enabled":true,"_links":{"self":[{"href":"https:\/\/informativoelvalledeaguascalientes.online\/index.php?rest_route=\/wp\/v2\/posts\/11865","targetHints":{"allow":["GET"]}}],"collection":[{"href":"https:\/\/informativoelvalledeaguascalientes.online\/index.php?rest_route=\/wp\/v2\/posts"}],"about":[{"href":"https:\/\/informativoelvalledeaguascalientes.online\/index.php?rest_route=\/wp\/v2\/types\/post"}],"author":[{"embeddable":true,"href":"https:\/\/informativoelvalledeaguascalientes.online\/index.php?rest_route=\/wp\/v2\/users\/1"}],"replies":[{"embeddable":true,"href":"https:\/\/informativoelvalledeaguascalientes.online\/index.php?rest_route=%2Fwp%2Fv2%2Fcomments&post=11865"}],"version-history":[{"count":1,"href":"https:\/\/informativoelvalledeaguascalientes.online\/index.php?rest_route=\/wp\/v2\/posts\/11865\/revisions"}],"predecessor-version":[{"id":11867,"href":"https:\/\/informativoelvalledeaguascalientes.online\/index.php?rest_route=\/wp\/v2\/posts\/11865\/revisions\/11867"}],"wp:featuredmedia":[{"embeddable":true,"href":"https:\/\/informativoelvalledeaguascalientes.online\/index.php?rest_route=\/wp\/v2\/media\/11866"}],"wp:attachment":[{"href":"https:\/\/informativoelvalledeaguascalientes.online\/index.php?rest_route=%2Fwp%2Fv2%2Fmedia&parent=11865"}],"wp:term":[{"taxonomy":"category","embeddable":true,"href":"https:\/\/informativoelvalledeaguascalientes.online\/index.php?rest_route=%2Fwp%2Fv2%2Fcategories&post=11865"},{"taxonomy":"post_tag","embeddable":true,"href":"https:\/\/informativoelvalledeaguascalientes.online\/index.php?rest_route=%2Fwp%2Fv2%2Ftags&post=11865"}],"curies":[{"name":"wp","href":"https:\/\/api.w.org\/{rel}","templated":true}]}}