{"id":11652,"date":"2020-09-20T19:24:20","date_gmt":"2020-09-21T01:24:20","guid":{"rendered":"https:\/\/informativoelvalledeaguascalientes.online\/?p=11652"},"modified":"2020-09-20T19:24:20","modified_gmt":"2020-09-21T01:24:20","slug":"con-toque-de-silencio-honran-la-memoria-de-fallecidos-en-los-sismos-de-1985-y-2017","status":"publish","type":"post","link":"https:\/\/informativoelvalledeaguascalientes.online\/?p=11652","title":{"rendered":"CON TOQUE DE SILENCIO HONRAN LA MEMORIA DE FALLECIDOS EN LOS SISMOS DE 1985 Y 2017"},"content":{"rendered":"<ul>\n<li style=\"font-weight: 400;\"><strong><em>Se realiz\u00f3 en la Plaza de la Patria, en punto de las 07:19 horas, en alusi\u00f3n al momento en que se registr\u00f3 el sismo del 19 de septiembre de 1985<\/em><\/strong><\/li>\n<li style=\"font-weight: 400;\"><strong><em>En el marco del D\u00eda Nacional de Protecci\u00f3n Civil, recuerdan la importancia de fomentar la cultura del autocuidado y autoprotecci\u00f3n<\/em><\/strong><\/li>\n<\/ul>\n<p style=\"font-weight: 400;\"><strong><em>\u00a0<\/em><\/strong><strong><em>\u00a0<\/em><\/strong><\/p>\n<p style=\"font-weight: 400;\">En punto de las 07:19 horas se realiz\u00f3 un \u201cToque de Silencio\u201d para honrar la memoria de los fallecidos en los sismos del 19 de septiembre de 1985 y de 2017, en alusi\u00f3n al momento preciso en que se registr\u00f3 el primero de ellos, esto como parte de la ceremonia c\u00edvica de la conmemoraci\u00f3n del D\u00eda Nacional de Protecci\u00f3n Civil presidida por el subsecretario de Gobierno, Manuel Cortina Reynoso.<\/p>\n<p style=\"font-weight: 400;\">\n<p style=\"font-weight: 400;\">Acompa\u00f1ado por el elementos y el titular de la Coordinaci\u00f3n Estatal de Protecci\u00f3n Civil, H\u00e9ctor Reyes Hern\u00e1ndez, as\u00ed como por elementos del ej\u00e9rcito mexicano, personal operativo de las \u00e1reas municipales de Protecci\u00f3n Civil, y de Bomberos tanto del \u00e1mbito estatal como municipal, Cortina Reynoso record\u00f3 la importancia de fomentar en la poblaci\u00f3n la cultura del autocuidado y la autoprotecci\u00f3n\u00a0que contribuyan a prevenir o disminuir los riesgos provenientes de fen\u00f3menos naturales o de car\u00e1cter antropog\u00e9nico.<\/p>\n<p style=\"font-weight: 400;\">\n<p style=\"font-weight: 400;\">Luego del sismo de 8.1 grados en la escala de Richter el 19 de septiembre de 1985 que destruy\u00f3 principalmente la capital del pa\u00eds &#8211; 32 a\u00f1os despu\u00e9s, en 2017, se registr\u00f3 otro sismo de 7.1 grados &#8211; fue un a\u00f1o posterior, un 19 de septiembre de 1986, cuando por decreto\u00a0se publica en el Diario Oficial de la Federaci\u00f3n, la creaci\u00f3n del Sistema Nacional de Protecci\u00f3n Civil y el Programa de Protecci\u00f3n Civil.<\/p>\n<p style=\"font-weight: 400;\">\n<p style=\"font-weight: 400;\">Nuevamente por decreto, este d\u00eda y mes pero del a\u00f1o 2001, se da a conocer mediante decreto presidencial que el 19 de septiembre de cada a\u00f1o ser\u00eda considerado en M\u00e9xico \u201cD\u00eda Nacional de Protecci\u00f3n Civil\u201d, y tradicionalmente en nuestro estado se conmemora con una serie de simulacros, que en esta ocasi\u00f3n por motivo de la pandemia por COVID-19, fueron omitidos.<\/p>\n<p style=\"font-weight: 400;\">\n<p style=\"font-weight: 400;\">\n","protected":false},"excerpt":{"rendered":"<p>Se realiz\u00f3 en la Plaza de la Patria, en punto de las 07:19 horas, en alusi\u00f3n al momento en que se registr\u00f3 el sismo del 19 de septiembre de 1985 En el marco del D\u00eda Nacional de Protecci\u00f3n Civil, recuerdan la importancia de fomentar la cultura del autocuidado y autoprotecci\u00f3n \u00a0\u00a0 En punto de las [&hellip;]<\/p>\n","protected":false},"author":1,"featured_media":11653,"comment_status":"closed","ping_status":"open","sticky":false,"template":"","format":"standard","meta":{"_monsterinsights_skip_tracking":false,"advanced_seo_description":"","jetpack_seo_html_title":"","jetpack_seo_noindex":false,"jetpack_seo_schema_type":"","_jetpack_newsletter_access":"","_jetpack_dont_email_post_to_subs":false,"_jetpack_newsletter_tier_id":0,"_jetpack_memberships_contains_paywalled_content":false,"_jetpack_feature_clip_id":0,"_jetpack_memberships_contains_paid_content":false,"footnotes":"","jetpack_publicize_message":"","jetpack_publicize_feature_enabled":true,"jetpack_social_post_already_shared":true,"jetpack_social_options":{"image_generator_settings":{"template":"highway","default_image_id":0,"font":"","enabled":false},"version":2},"jetpack_post_was_ever_published":false},"categories":[21,4],"tags":[22,51],"class_list":["post-11652","post","type-post","status-publish","format-standard","has-post-thumbnail","hentry","category-aguascalientes","category-gobierno-del-estado-aguascalientes","tag-aguascalientes","tag-seggob"],"jetpack_publicize_connections":[],"jetpack_featured_media_url":"https:\/\/i0.wp.com\/informativoelvalledeaguascalientes.online\/wp-content\/uploads\/2020\/09\/seggob_19092020.jpg?fit=938%2C625&ssl=1","jetpack-related-posts":[],"jetpack_sharing_enabled":true,"jetpack_likes_enabled":true,"_links":{"self":[{"href":"https:\/\/informativoelvalledeaguascalientes.online\/index.php?rest_route=\/wp\/v2\/posts\/11652","targetHints":{"allow":["GET"]}}],"collection":[{"href":"https:\/\/informativoelvalledeaguascalientes.online\/index.php?rest_route=\/wp\/v2\/posts"}],"about":[{"href":"https:\/\/informativoelvalledeaguascalientes.online\/index.php?rest_route=\/wp\/v2\/types\/post"}],"author":[{"embeddable":true,"href":"https:\/\/informativoelvalledeaguascalientes.online\/index.php?rest_route=\/wp\/v2\/users\/1"}],"replies":[{"embeddable":true,"href":"https:\/\/informativoelvalledeaguascalientes.online\/index.php?rest_route=%2Fwp%2Fv2%2Fcomments&post=11652"}],"version-history":[{"count":1,"href":"https:\/\/informativoelvalledeaguascalientes.online\/index.php?rest_route=\/wp\/v2\/posts\/11652\/revisions"}],"predecessor-version":[{"id":11654,"href":"https:\/\/informativoelvalledeaguascalientes.online\/index.php?rest_route=\/wp\/v2\/posts\/11652\/revisions\/11654"}],"wp:featuredmedia":[{"embeddable":true,"href":"https:\/\/informativoelvalledeaguascalientes.online\/index.php?rest_route=\/wp\/v2\/media\/11653"}],"wp:attachment":[{"href":"https:\/\/informativoelvalledeaguascalientes.online\/index.php?rest_route=%2Fwp%2Fv2%2Fmedia&parent=11652"}],"wp:term":[{"taxonomy":"category","embeddable":true,"href":"https:\/\/informativoelvalledeaguascalientes.online\/index.php?rest_route=%2Fwp%2Fv2%2Fcategories&post=11652"},{"taxonomy":"post_tag","embeddable":true,"href":"https:\/\/informativoelvalledeaguascalientes.online\/index.php?rest_route=%2Fwp%2Fv2%2Ftags&post=11652"}],"curies":[{"name":"wp","href":"https:\/\/api.w.org\/{rel}","templated":true}]}}