{"id":11278,"date":"2020-09-09T16:44:15","date_gmt":"2020-09-09T22:44:15","guid":{"rendered":"https:\/\/informativoelvalledeaguascalientes.online\/?p=11278"},"modified":"2020-09-09T16:44:15","modified_gmt":"2020-09-09T22:44:15","slug":"alista-gobierno-del-estado-de-ags-ultimos-detalles-para-convocatoria-de-empleos-temporales","status":"publish","type":"post","link":"https:\/\/informativoelvalledeaguascalientes.online\/?p=11278","title":{"rendered":"ALISTA GOBIERNO DEL ESTADO DE AGS. \u00daLTIMOS DETALLES PARA CONVOCATORIA DE EMPLEOS TEMPORALES"},"content":{"rendered":"<p dir=\"ltr\">Para dar cumplimiento al compromiso de generar empleos para que las familias afectadas por la contingencia sanitaria obtengan una fuente de ingreso, el gobernador Mart\u00edn Orozco Sandoval encabez\u00f3 una reuni\u00f3n para afinar detalles sobre las convocatorias de empleo temporal.<\/p>\n<p dir=\"ltr\">En esta sesi\u00f3n con el secretario de Desarrollo Econ\u00f3mico del Estado, Manuel Alejandro Gonz\u00e1lez Mart\u00ednez; la directora del Servicio Estatal de Empleo, Carmen Villa Zamarripa y el Coordinador General de Gabinete, Jaime Gonz\u00e1lez de Le\u00f3n, el mandatario estatal record\u00f3 que esta estrategia representa un aliciente para reactivar la econom\u00eda de las familias aguascalentenses y anunci\u00f3 que en los pr\u00f3ximos d\u00edas se presentar\u00e1n las reglas de operaci\u00f3n de este programa.<\/p>\n<p dir=\"ltr\">Cabe destacar que los empleos temporales estar\u00e1n enmarcados en el proyecto integral de reactivaci\u00f3n econ\u00f3mica que ha emprendido el gobierno del estado a ra\u00edz de la contingencia en materia de salud, que desat\u00f3 consecuencias en la econom\u00eda local, especialmente entre las personas que dependen del autoempleo o los micronegocios.<\/p>\n","protected":false},"excerpt":{"rendered":"<p>Para dar cumplimiento al compromiso de generar empleos para que las familias afectadas por la contingencia sanitaria obtengan una fuente de ingreso, el gobernador Mart\u00edn Orozco Sandoval encabez\u00f3 una reuni\u00f3n para afinar detalles sobre las convocatorias de empleo temporal. En esta sesi\u00f3n con el secretario de Desarrollo Econ\u00f3mico del Estado, Manuel Alejandro Gonz\u00e1lez Mart\u00ednez; la [&hellip;]<\/p>\n","protected":false},"author":1,"featured_media":11279,"comment_status":"closed","ping_status":"open","sticky":false,"template":"","format":"standard","meta":{"advanced_seo_description":"","jetpack_seo_html_title":"","jetpack_seo_noindex":false,"_jetpack_memberships_contains_paid_content":false,"footnotes":"","jetpack_publicize_message":"","jetpack_publicize_feature_enabled":true,"jetpack_social_post_already_shared":true,"jetpack_social_options":{"image_generator_settings":{"template":"highway","default_image_id":0,"font":"","enabled":false},"version":2}},"categories":[21,4],"tags":[22,31,104],"class_list":["post-11278","post","type-post","status-publish","format-standard","has-post-thumbnail","hentry","category-aguascalientes","category-gobierno-del-estado-aguascalientes","tag-aguascalientes","tag-mos","tag-sedec"],"jetpack_publicize_connections":[],"jetpack_featured_media_url":"https:\/\/i0.wp.com\/informativoelvalledeaguascalientes.online\/wp-content\/uploads\/2020\/09\/mos_sedec_09092020.jpg?fit=1116%2C744&ssl=1","jetpack-related-posts":[],"jetpack_sharing_enabled":true,"jetpack_likes_enabled":true,"_links":{"self":[{"href":"https:\/\/informativoelvalledeaguascalientes.online\/index.php?rest_route=\/wp\/v2\/posts\/11278","targetHints":{"allow":["GET"]}}],"collection":[{"href":"https:\/\/informativoelvalledeaguascalientes.online\/index.php?rest_route=\/wp\/v2\/posts"}],"about":[{"href":"https:\/\/informativoelvalledeaguascalientes.online\/index.php?rest_route=\/wp\/v2\/types\/post"}],"author":[{"embeddable":true,"href":"https:\/\/informativoelvalledeaguascalientes.online\/index.php?rest_route=\/wp\/v2\/users\/1"}],"replies":[{"embeddable":true,"href":"https:\/\/informativoelvalledeaguascalientes.online\/index.php?rest_route=%2Fwp%2Fv2%2Fcomments&post=11278"}],"version-history":[{"count":1,"href":"https:\/\/informativoelvalledeaguascalientes.online\/index.php?rest_route=\/wp\/v2\/posts\/11278\/revisions"}],"predecessor-version":[{"id":11280,"href":"https:\/\/informativoelvalledeaguascalientes.online\/index.php?rest_route=\/wp\/v2\/posts\/11278\/revisions\/11280"}],"wp:featuredmedia":[{"embeddable":true,"href":"https:\/\/informativoelvalledeaguascalientes.online\/index.php?rest_route=\/wp\/v2\/media\/11279"}],"wp:attachment":[{"href":"https:\/\/informativoelvalledeaguascalientes.online\/index.php?rest_route=%2Fwp%2Fv2%2Fmedia&parent=11278"}],"wp:term":[{"taxonomy":"category","embeddable":true,"href":"https:\/\/informativoelvalledeaguascalientes.online\/index.php?rest_route=%2Fwp%2Fv2%2Fcategories&post=11278"},{"taxonomy":"post_tag","embeddable":true,"href":"https:\/\/informativoelvalledeaguascalientes.online\/index.php?rest_route=%2Fwp%2Fv2%2Ftags&post=11278"}],"curies":[{"name":"wp","href":"https:\/\/api.w.org\/{rel}","templated":true}]}}