{"id":11275,"date":"2020-09-09T16:40:20","date_gmt":"2020-09-09T22:40:20","guid":{"rendered":"https:\/\/informativoelvalledeaguascalientes.online\/?p=11275"},"modified":"2020-09-09T16:40:20","modified_gmt":"2020-09-09T22:40:20","slug":"iam-y-poder-judicial-celebran-convenio-de-colaboracion-a-favor-de-las-mujeres","status":"publish","type":"post","link":"https:\/\/informativoelvalledeaguascalientes.online\/?p=11275","title":{"rendered":"IAM Y PODER JUDICIAL CELEBRAN CONVENIO DE COLABORACI\u00d3N A FAVOR DE LAS MUJERES"},"content":{"rendered":"<ul>\n<li dir=\"ltr\">\n<p dir=\"ltr\">El convenio de colaboraci\u00f3n entre IAM y Poder Judicial que tiene por objetivo implementar acciones con perspectiva de g\u00e9nero<\/p>\n<\/li>\n<li dir=\"ltr\">\n<p dir=\"ltr\">Se impartir\u00e1n diferentes capacitaciones, a fin de consolidar un personal de trabajo sensible a las necesidades de las servidoras p\u00fablicas<\/p>\n<\/li>\n<\/ul>\n<p>&nbsp;<\/p>\n<p dir=\"ltr\">El Instituto Aguascalentense de las Mujeres (IAM) tiene como deber promover y fomentar la no discriminaci\u00f3n hacia las mujeres, as\u00ed como su participaci\u00f3n igualitaria en la vida pol\u00edtica, cultural, econ\u00f3mica y social de Aguascalientes, por eso es indispensable crear alianzas con los distintos sectores del estado, para trabajar de manera conjunta buscando un \u00fanico objetivo.<\/p>\n<p dir=\"ltr\">As\u00ed lo mencion\u00f3 Nancy Guti\u00e9rrez Ruvalcaba, directora del IAM, quien esta ma\u00f1ana celebr\u00f3 un convenio de colaboraci\u00f3n con el poder Judicial, representado por la Magistrada Gabriela Espinosa Castorena, presidenta del H. Supremo Tribunal de Justicia y del Consejo de la Judicatura del Estado de Aguascalientes.<\/p>\n<p dir=\"ltr\">Dicho acuerdo tiene como objetivo consolidar la Institucionalizaci\u00f3n de la Perspectiva de G\u00e9nero en las acciones y estrategias que se implementen por ambas partes, a fin de prevenir, atender, sancionar y erradicar la violencia contra las mujeres.<\/p>\n<p dir=\"ltr\">La titular del IAM mencion\u00f3 que, de parte del Instituto, se implementar\u00e1 la capacitaci\u00f3n en materia de derechos humanos al personal encargado de la administraci\u00f3n de justicia y dem\u00e1s funcionarias y funcionarios encargados de la aplicaci\u00f3n de la ley, as\u00ed como del personal a cuyo cargo est\u00e9 la aplicaci\u00f3n de las pol\u00edticas de prevenci\u00f3n, sanci\u00f3n y eliminaci\u00f3n de la violencia contra la mujer.<\/p>\n<p dir=\"ltr\">De la misma manera, cada parte denomin\u00f3 un enlace institucional, la cual se encargar\u00e1 de dar cumplimiento, ejecuci\u00f3n y operaci\u00f3n al convenio, atendiendo el caso particular de cada una de las servidoras p\u00fablicas que lo necesite, anteponiendo la confidencialidad de la informaci\u00f3n que se les proporciona.<\/p>\n<p dir=\"ltr\">Finalmente Nancy Guti\u00e9rrez mencion\u00f3 que la inclusi\u00f3n de la perspectiva de g\u00e9nero es prioritaria en la Administraci\u00f3n P\u00fablica Estatal y la Actividad Jurisdiccional, por lo que este tipo de colaboraciones es un paso m\u00e1s en la b\u00fasqueda de la equidad de g\u00e9nero en el estado.<\/p>\n","protected":false},"excerpt":{"rendered":"<p>El convenio de colaboraci\u00f3n entre IAM y Poder Judicial que tiene por objetivo implementar acciones con perspectiva de g\u00e9nero Se impartir\u00e1n diferentes capacitaciones, a fin de consolidar un personal de trabajo sensible a las necesidades de las servidoras p\u00fablicas &nbsp; El Instituto Aguascalentense de las Mujeres (IAM) tiene como deber promover y fomentar la no [&hellip;]<\/p>\n","protected":false},"author":1,"featured_media":11276,"comment_status":"closed","ping_status":"open","sticky":false,"template":"","format":"standard","meta":{"advanced_seo_description":"","jetpack_seo_html_title":"","jetpack_seo_noindex":false,"_jetpack_memberships_contains_paid_content":false,"footnotes":"","jetpack_publicize_message":"","jetpack_publicize_feature_enabled":true,"jetpack_social_post_already_shared":true,"jetpack_social_options":{"image_generator_settings":{"template":"highway","default_image_id":0,"font":"","enabled":false},"version":2}},"categories":[21,4],"tags":[22,57],"class_list":["post-11275","post","type-post","status-publish","format-standard","has-post-thumbnail","hentry","category-aguascalientes","category-gobierno-del-estado-aguascalientes","tag-aguascalientes","tag-iam"],"jetpack_publicize_connections":[],"jetpack_featured_media_url":"https:\/\/i0.wp.com\/informativoelvalledeaguascalientes.online\/wp-content\/uploads\/2020\/09\/iam_poder_judicoal_09092020.jpg?fit=1024%2C768&ssl=1","jetpack-related-posts":[],"jetpack_sharing_enabled":true,"jetpack_likes_enabled":true,"_links":{"self":[{"href":"https:\/\/informativoelvalledeaguascalientes.online\/index.php?rest_route=\/wp\/v2\/posts\/11275","targetHints":{"allow":["GET"]}}],"collection":[{"href":"https:\/\/informativoelvalledeaguascalientes.online\/index.php?rest_route=\/wp\/v2\/posts"}],"about":[{"href":"https:\/\/informativoelvalledeaguascalientes.online\/index.php?rest_route=\/wp\/v2\/types\/post"}],"author":[{"embeddable":true,"href":"https:\/\/informativoelvalledeaguascalientes.online\/index.php?rest_route=\/wp\/v2\/users\/1"}],"replies":[{"embeddable":true,"href":"https:\/\/informativoelvalledeaguascalientes.online\/index.php?rest_route=%2Fwp%2Fv2%2Fcomments&post=11275"}],"version-history":[{"count":1,"href":"https:\/\/informativoelvalledeaguascalientes.online\/index.php?rest_route=\/wp\/v2\/posts\/11275\/revisions"}],"predecessor-version":[{"id":11277,"href":"https:\/\/informativoelvalledeaguascalientes.online\/index.php?rest_route=\/wp\/v2\/posts\/11275\/revisions\/11277"}],"wp:featuredmedia":[{"embeddable":true,"href":"https:\/\/informativoelvalledeaguascalientes.online\/index.php?rest_route=\/wp\/v2\/media\/11276"}],"wp:attachment":[{"href":"https:\/\/informativoelvalledeaguascalientes.online\/index.php?rest_route=%2Fwp%2Fv2%2Fmedia&parent=11275"}],"wp:term":[{"taxonomy":"category","embeddable":true,"href":"https:\/\/informativoelvalledeaguascalientes.online\/index.php?rest_route=%2Fwp%2Fv2%2Fcategories&post=11275"},{"taxonomy":"post_tag","embeddable":true,"href":"https:\/\/informativoelvalledeaguascalientes.online\/index.php?rest_route=%2Fwp%2Fv2%2Ftags&post=11275"}],"curies":[{"name":"wp","href":"https:\/\/api.w.org\/{rel}","templated":true}]}}