{"id":11272,"date":"2020-09-09T16:36:12","date_gmt":"2020-09-09T22:36:12","guid":{"rendered":"https:\/\/informativoelvalledeaguascalientes.online\/?p=11272"},"modified":"2020-09-09T16:36:12","modified_gmt":"2020-09-09T22:36:12","slug":"ica-amplia-periodo-de-convocatoria-del-premio-salvador-gallardo-davalos","status":"publish","type":"post","link":"https:\/\/informativoelvalledeaguascalientes.online\/?p=11272","title":{"rendered":"ICA AMPL\u00cdA PERIODO DE CONVOCATORIA DEL PREMIO SALVADOR GALLARDO D\u00c1VALOS"},"content":{"rendered":"<ul>\n<li dir=\"ltr\">\n<p dir=\"ltr\">Esta edici\u00f3n del Premio se dedica al g\u00e9nero de poes\u00eda y extiende el periodo de recepci\u00f3n de trabajos al 25 de septiembre de 2020<\/p>\n<\/li>\n<li dir=\"ltr\">\n<p dir=\"ltr\">La ceremonia de entrega del Premio se realizar\u00e1 en el marco de la 52 Feria del Libro de Aguascalientes, el pr\u00f3ximo noviembre<\/p>\n<\/li>\n<\/ul>\n<p dir=\"ltr\">\n<p dir=\"ltr\">El Premio Nacional de Literatura Joven Salvador Gallardo D\u00e1valos, impulsado por el Instituto Cultural de Aguascalientes (ICA), ha logrado posicionarse como uno de los de mayor prestigio a nivel nacional, al ser un puente que posibilite a autoras y autores j\u00f3venes, la promoci\u00f3n de su obra literaria y su inclusi\u00f3n en el gremio editorial<\/p>\n<p>&nbsp;<\/p>\n<p dir=\"ltr\">Este a\u00f1o, la convocatoria abri\u00f3 el 9 de julio y contemplaba su cierre al 21 de agosto, para llevar a cabo la premiaci\u00f3n en septiembre durante la 52 Feria del Libro de Aguascalientes. Sin embargo, debido a la contingencia sanitaria, la feria se recorre al mes de noviembre. Por esa raz\u00f3n, la convocatoria ampl\u00eda el periodo de recepci\u00f3n de trabajos participantes hasta el 25 de septiembre.<\/p>\n<p dir=\"ltr\">\n<p dir=\"ltr\">Estos esfuerzos del Gobierno del Estado de Aguascalientes, a trav\u00e9s del ICA, son parte de las acciones para garantizar los derechos culturales; el acceso y promoci\u00f3n del libro y la lectura; y el est\u00edmulo a las y los escritores j\u00f3venes del pa\u00eds.<\/p>\n<p dir=\"ltr\">\n<p dir=\"ltr\">Para este 2020, el Premio reconocer\u00e1, exclusivamente, el g\u00e9nero de poes\u00eda. Podr\u00e1n participar todos los escritores y escritoras residentes en la Rep\u00fablica Mexicana, no mayores de treinta a\u00f1os al cierre de esta convocatoria, con un poemario in\u00e9dito. Las bases pueden consultarse en el siguiente enlace: <a href=\"https:\/\/bit.ly\/3j3qaPn\" target=\"_blank\" rel=\"noopener noreferrer\" data-saferedirecturl=\"https:\/\/www.google.com\/url?q=https:\/\/bit.ly\/3j3qaPn&amp;source=gmail&amp;ust=1599765642562000&amp;usg=AFQjCNEi0ADriuPx46VnRL9FYf4jgxoVKg\">https:\/\/bit.ly\/3j3qaPn<\/a><\/p>\n<p dir=\"ltr\">\n<p dir=\"ltr\">En el evento de premiaci\u00f3n, durante la 52 Feria del Libro de Aguascalientes, se llevar\u00e1 a cabo tambi\u00e9n la presentaci\u00f3n de Respirar bajo el agua, de Olivia Teroba, quien result\u00f3 ganadora del Premio en su edici\u00f3n XXXVII, en la que se reconoci\u00f3 el g\u00e9nero de narrativa.<\/p>\n<p dir=\"ltr\">\n","protected":false},"excerpt":{"rendered":"<p>Esta edici\u00f3n del Premio se dedica al g\u00e9nero de poes\u00eda y extiende el periodo de recepci\u00f3n de trabajos al 25 de septiembre de 2020 La ceremonia de entrega del Premio se realizar\u00e1 en el marco de la 52 Feria del Libro de Aguascalientes, el pr\u00f3ximo noviembre El Premio Nacional de Literatura Joven Salvador Gallardo D\u00e1valos, [&hellip;]<\/p>\n","protected":false},"author":1,"featured_media":11273,"comment_status":"closed","ping_status":"open","sticky":false,"template":"","format":"standard","meta":{"_monsterinsights_skip_tracking":false,"advanced_seo_description":"","jetpack_seo_html_title":"","jetpack_seo_noindex":false,"jetpack_seo_schema_type":"","_jetpack_newsletter_access":"","_jetpack_dont_email_post_to_subs":false,"_jetpack_newsletter_tier_id":0,"_jetpack_memberships_contains_paywalled_content":false,"_jetpack_feature_clip_id":0,"_jetpack_memberships_contains_paid_content":false,"footnotes":"","jetpack_publicize_message":"","jetpack_publicize_feature_enabled":true,"jetpack_social_post_already_shared":true,"jetpack_social_options":{"image_generator_settings":{"template":"highway","default_image_id":0,"font":"","enabled":false},"version":2},"jetpack_post_was_ever_published":false},"categories":[21,4],"tags":[22,52],"class_list":["post-11272","post","type-post","status-publish","format-standard","has-post-thumbnail","hentry","category-aguascalientes","category-gobierno-del-estado-aguascalientes","tag-aguascalientes","tag-ica"],"jetpack_publicize_connections":[],"jetpack_featured_media_url":"https:\/\/i0.wp.com\/informativoelvalledeaguascalientes.online\/wp-content\/uploads\/2020\/09\/ica_conv_09092020.jpg?fit=2551%2C1650&ssl=1","jetpack-related-posts":[],"jetpack_sharing_enabled":true,"jetpack_likes_enabled":true,"_links":{"self":[{"href":"https:\/\/informativoelvalledeaguascalientes.online\/index.php?rest_route=\/wp\/v2\/posts\/11272","targetHints":{"allow":["GET"]}}],"collection":[{"href":"https:\/\/informativoelvalledeaguascalientes.online\/index.php?rest_route=\/wp\/v2\/posts"}],"about":[{"href":"https:\/\/informativoelvalledeaguascalientes.online\/index.php?rest_route=\/wp\/v2\/types\/post"}],"author":[{"embeddable":true,"href":"https:\/\/informativoelvalledeaguascalientes.online\/index.php?rest_route=\/wp\/v2\/users\/1"}],"replies":[{"embeddable":true,"href":"https:\/\/informativoelvalledeaguascalientes.online\/index.php?rest_route=%2Fwp%2Fv2%2Fcomments&post=11272"}],"version-history":[{"count":1,"href":"https:\/\/informativoelvalledeaguascalientes.online\/index.php?rest_route=\/wp\/v2\/posts\/11272\/revisions"}],"predecessor-version":[{"id":11274,"href":"https:\/\/informativoelvalledeaguascalientes.online\/index.php?rest_route=\/wp\/v2\/posts\/11272\/revisions\/11274"}],"wp:featuredmedia":[{"embeddable":true,"href":"https:\/\/informativoelvalledeaguascalientes.online\/index.php?rest_route=\/wp\/v2\/media\/11273"}],"wp:attachment":[{"href":"https:\/\/informativoelvalledeaguascalientes.online\/index.php?rest_route=%2Fwp%2Fv2%2Fmedia&parent=11272"}],"wp:term":[{"taxonomy":"category","embeddable":true,"href":"https:\/\/informativoelvalledeaguascalientes.online\/index.php?rest_route=%2Fwp%2Fv2%2Fcategories&post=11272"},{"taxonomy":"post_tag","embeddable":true,"href":"https:\/\/informativoelvalledeaguascalientes.online\/index.php?rest_route=%2Fwp%2Fv2%2Ftags&post=11272"}],"curies":[{"name":"wp","href":"https:\/\/api.w.org\/{rel}","templated":true}]}}