{"id":11238,"date":"2020-09-08T21:51:42","date_gmt":"2020-09-09T03:51:42","guid":{"rendered":"https:\/\/informativoelvalledeaguascalientes.online\/?p=11238"},"modified":"2020-09-08T21:52:45","modified_gmt":"2020-09-09T03:52:45","slug":"ica-e-iea-suman-esfuerzos-para-beneficio-del-bachillerato-de-artes-y-humanidades","status":"publish","type":"post","link":"https:\/\/informativoelvalledeaguascalientes.online\/?p=11238","title":{"rendered":"ICA E IEA SUMAN ESFUERZOS PARA BENEFICIO DEL BACHILLERATO DE ARTES Y HUMANIDADES"},"content":{"rendered":"<ul style=\"font-weight: 400;\">\n<li><strong><em>Este bachillerato se integra al ecosistema acad\u00e9mico y de difusi\u00f3n del ICA<\/em><\/strong><\/li>\n<li><strong><em>El ICA anunci\u00f3 la actualizaci\u00f3n del Plan de Estudios superiores, el fortalecimiento de la Unidad de Investigaci\u00f3n y la remodelaci\u00f3n de la Galer\u00eda universitaria<\/em><\/strong><\/li>\n<\/ul>\n<p style=\"font-weight: 400;\">En el arranque del Ciclo Escolar 2020-B del sistema educativo del Instituto Cultural de Aguascalientes (ICA), mismo que se llevar\u00e1 a cabo en un modelo h\u00edbrido de actividades presenciales y virtuales, en atenci\u00f3n a los protocolos de la contingencia sanitaria, se dieron a conocer diversos anuncios en beneficio de las comunidades escolares de la entidad.<\/p>\n<p style=\"font-weight: 400;\">El primero de estos anuncios fue la incorporaci\u00f3n del Bachillerato de Artes y Humanidades \u201cJos\u00e9 Guadalupe Posada\u201d (BAH) al ecosistema educativo del ICA. Si bien este bachillerato depende del Instituto de Educaci\u00f3n de Aguascalientes, ahora ocupar\u00e1 un espacio en las instalaciones del Macro Espacio para la Cultura y las Artes (MECA), dentro del Corredor Metropolitano Tres Centurias.<\/p>\n<p style=\"font-weight: 400;\">Esta incorporaci\u00f3n permite, adem\u00e1s, que los alumnos del BAH puedan integrarse a las actividades de la Universidad de las Artes (UA) y, en general, a las actividades del ICA. As\u00ed, por instrucciones del Gobernador Mart\u00edn Orozco, se completa un puente vocacional promovido desde la ense\u00f1anza art\u00edstica inicial hasta el posgrado, siendo un referente de educaci\u00f3n art\u00edstica a nivel nacional.<\/p>\n<p style=\"font-weight: 400;\">Al respecto, Ra\u00fal Silva Perezchica, Director del IEA, agradeci\u00f3 al ICA las gestiones para la incorporaci\u00f3n del BAH, y coment\u00f3 sobre la posibilidad que tienen el arte y la cultura para impulsar la econom\u00eda, sobre todo en un contexto de contingencia sanitaria. Adem\u00e1s, exhort\u00f3 a la comunidad a seguir los protocolos de salud en este ciclo escolar.<\/p>\n<p style=\"font-weight: 400;\">Por su parte, Claudia Santa Ana Zald\u00edvar, Directora General del ICA, habl\u00f3 de los retos de este ciclo escolar, agradeci\u00f3 al IEA por el apoyo para sumar al BAH, y anunci\u00f3 diversos proyectos educativos estrat\u00e9gicos del Instituto, entre los que destacan la actualizaci\u00f3n del Plan de Estudios superiores y del Bachillerato, asociado al Instituto Nacional de Bellas Artes.<\/p>\n<p style=\"font-weight: 400;\">Tambi\u00e9n, Santa Ana Zald\u00edvar anunci\u00f3 el fortalecimiento de la Unidad de Investigaci\u00f3n de la Universidad de las Artes mediante 13 l\u00edneas de investigaci\u00f3n sobre arte y cultura, as\u00ed como la incorporaci\u00f3n de especialistas con apoyo del Sistema Nacional de Investigadores; la adaptaci\u00f3n de un espacio esc\u00e9nico de c\u00e1mara y experimentaci\u00f3n multimedia; y la remodelaci\u00f3n de la Galer\u00eda de Arte de la UA.<\/p>\n<p style=\"font-weight: 400;\">Luego del evento de apertura del Ciclo Escolar 2020-B, las autoridades del ICA, IEA, y el BAH, dieron un recorrido por las nuevas instalaciones que ocupar\u00e1 el bachillerato a partir de este semestre.<\/p>\n<p style=\"font-weight: 400;\">\n","protected":false},"excerpt":{"rendered":"<p>Este bachillerato se integra al ecosistema acad\u00e9mico y de difusi\u00f3n del ICA El ICA anunci\u00f3 la actualizaci\u00f3n del Plan de Estudios superiores, el fortalecimiento de la Unidad de Investigaci\u00f3n y la remodelaci\u00f3n de la Galer\u00eda universitaria En el arranque del Ciclo Escolar 2020-B del sistema educativo del Instituto Cultural de Aguascalientes (ICA), mismo que se [&hellip;]<\/p>\n","protected":false},"author":1,"featured_media":11239,"comment_status":"closed","ping_status":"open","sticky":false,"template":"","format":"standard","meta":{"advanced_seo_description":"","jetpack_seo_html_title":"","jetpack_seo_noindex":false,"_jetpack_memberships_contains_paid_content":false,"footnotes":"","jetpack_publicize_message":"","jetpack_publicize_feature_enabled":true,"jetpack_social_post_already_shared":true,"jetpack_social_options":{"image_generator_settings":{"template":"highway","default_image_id":0,"font":"","enabled":false},"version":2}},"categories":[21,4],"tags":[22,52],"class_list":["post-11238","post","type-post","status-publish","format-standard","has-post-thumbnail","hentry","category-aguascalientes","category-gobierno-del-estado-aguascalientes","tag-aguascalientes","tag-ica"],"jetpack_publicize_connections":[],"jetpack_featured_media_url":"https:\/\/i0.wp.com\/informativoelvalledeaguascalientes.online\/wp-content\/uploads\/2020\/09\/Inicio-ciclo-escolar-2020-B-5.jpg?fit=1680%2C1120&ssl=1","jetpack-related-posts":[],"jetpack_sharing_enabled":true,"jetpack_likes_enabled":true,"_links":{"self":[{"href":"https:\/\/informativoelvalledeaguascalientes.online\/index.php?rest_route=\/wp\/v2\/posts\/11238","targetHints":{"allow":["GET"]}}],"collection":[{"href":"https:\/\/informativoelvalledeaguascalientes.online\/index.php?rest_route=\/wp\/v2\/posts"}],"about":[{"href":"https:\/\/informativoelvalledeaguascalientes.online\/index.php?rest_route=\/wp\/v2\/types\/post"}],"author":[{"embeddable":true,"href":"https:\/\/informativoelvalledeaguascalientes.online\/index.php?rest_route=\/wp\/v2\/users\/1"}],"replies":[{"embeddable":true,"href":"https:\/\/informativoelvalledeaguascalientes.online\/index.php?rest_route=%2Fwp%2Fv2%2Fcomments&post=11238"}],"version-history":[{"count":2,"href":"https:\/\/informativoelvalledeaguascalientes.online\/index.php?rest_route=\/wp\/v2\/posts\/11238\/revisions"}],"predecessor-version":[{"id":11241,"href":"https:\/\/informativoelvalledeaguascalientes.online\/index.php?rest_route=\/wp\/v2\/posts\/11238\/revisions\/11241"}],"wp:featuredmedia":[{"embeddable":true,"href":"https:\/\/informativoelvalledeaguascalientes.online\/index.php?rest_route=\/wp\/v2\/media\/11239"}],"wp:attachment":[{"href":"https:\/\/informativoelvalledeaguascalientes.online\/index.php?rest_route=%2Fwp%2Fv2%2Fmedia&parent=11238"}],"wp:term":[{"taxonomy":"category","embeddable":true,"href":"https:\/\/informativoelvalledeaguascalientes.online\/index.php?rest_route=%2Fwp%2Fv2%2Fcategories&post=11238"},{"taxonomy":"post_tag","embeddable":true,"href":"https:\/\/informativoelvalledeaguascalientes.online\/index.php?rest_route=%2Fwp%2Fv2%2Ftags&post=11238"}],"curies":[{"name":"wp","href":"https:\/\/api.w.org\/{rel}","templated":true}]}}