{"id":11208,"date":"2020-09-08T20:55:27","date_gmt":"2020-09-09T02:55:27","guid":{"rendered":"https:\/\/informativoelvalledeaguascalientes.online\/?p=11208"},"modified":"2020-09-08T20:59:21","modified_gmt":"2020-09-09T02:59:21","slug":"se-suma-martha-marquez-a-denuncia-penal-contra-hugo-lopez-gatell-por-mal-manejo-de-la-pandemia","status":"publish","type":"post","link":"https:\/\/informativoelvalledeaguascalientes.online\/?p=11208","title":{"rendered":"SE SUMA\u00a0MARTHA M\u00c1RQUEZ A DENUNCIA PENAL CONTRA HUGO L\u00d3PEZ-GATELL POR MAL MANEJO DE LA PANDEMIA"},"content":{"rendered":"<div><\/div>\n<ul>\n<li><b><i>La denuncia fue presentada ante la Fiscal\u00eda General de la Rep\u00fablica por las omisiones y negligencias en atenci\u00f3n de la pandemia<\/i><\/b><\/li>\n<li><b><i>Solicit\u00f3 a sus hom\u00f3logos en el Senado priorizar la agenda en materia de salud\u00a0<\/i><\/b><\/li>\n<\/ul>\n<p>La Senadora Martha M\u00e1rquez Alvarado se sum\u00f3 a la denuncia penal presentada por varios integrantes del Grupo Parlamentario del PAN, en contra del Subsecretario de Prevenci\u00f3n y Promoci\u00f3n de las Salud, Hugo L\u00f3pez-Gatell, as\u00ed como de las autoridades federales administrativas que resulten responsables.<\/p>\n<p>La denuncia fue presentada ante la Fiscal\u00eda General de la Rep\u00fablica, por los actos, omisiones y negligencias en la atenci\u00f3n y manejo de la pandemia por el COVID-19.<\/p>\n<p>M\u00e1rquez Alvarado indic\u00f3 que a m\u00e1s de seis meses del inicio de la pandemia, no se tomaron las precauciones para capacitar al personal m\u00e9dico y hospitalario, ni mucho menos se les entreg\u00f3 el equipo adecuado de protecci\u00f3n.<\/p>\n<p>A\u00f1adi\u00f3 que esta negligencia ha costado la vida de miles de personas, y sobre todo del personal de salud, pues dijo, seg\u00fan Amnist\u00eda Internacional, M\u00e9xico se coloca como el primer pa\u00eds con decesos de personal de salud a causa del COVID-19.<\/p>\n<p>Por otra parte, la Senadora reiter\u00f3 su exigencia desde su esca\u00f1o para que el Senado de la Rep\u00fablica sesione para atender los temas en materia de salud, y solicit\u00f3 que se cite a comparecer a las y los funcionarios de Salud para que den la cara a las familias de M\u00e9xico.<\/p>\n<p>\u201cDebe haber responsables por los cerca de 70 mil decesos a causa del COVID-19, no debemos acostumbrarnos a escuchar cifras en ascenso y justificaciones para evadir responsabilidades. Que el Senado hoy sea el camino para construir alternativas para las miles de familias que hoy est\u00e1n en incertidumbre a causa de la pandemia\u201d concluy\u00f3.<\/p>\n","protected":false},"excerpt":{"rendered":"<p>La denuncia fue presentada ante la Fiscal\u00eda General de la Rep\u00fablica por las omisiones y negligencias en atenci\u00f3n de la pandemia Solicit\u00f3 a sus hom\u00f3logos en el Senado priorizar la agenda en materia de salud\u00a0 La Senadora Martha M\u00e1rquez Alvarado se sum\u00f3 a la denuncia penal presentada por varios integrantes del Grupo Parlamentario del PAN, [&hellip;]<\/p>\n","protected":false},"author":1,"featured_media":11209,"comment_status":"closed","ping_status":"open","sticky":false,"template":"","format":"standard","meta":{"advanced_seo_description":"","jetpack_seo_html_title":"","jetpack_seo_noindex":false,"_jetpack_memberships_contains_paid_content":false,"footnotes":"","jetpack_publicize_message":"","jetpack_publicize_feature_enabled":true,"jetpack_social_post_already_shared":true,"jetpack_social_options":{"image_generator_settings":{"template":"highway","default_image_id":0,"font":"","enabled":false},"version":2}},"categories":[21,7],"tags":[22,41,23],"class_list":["post-11208","post","type-post","status-publish","format-standard","has-post-thumbnail","hentry","category-aguascalientes","category-pan-aguascalientes","tag-aguascalientes","tag-martha-marquez","tag-pan-aguascalientes"],"jetpack_publicize_connections":[],"jetpack_featured_media_url":"https:\/\/i0.wp.com\/informativoelvalledeaguascalientes.online\/wp-content\/uploads\/2020\/09\/RDVDFB.jpg?fit=655%2C475&ssl=1","jetpack-related-posts":[],"jetpack_sharing_enabled":true,"jetpack_likes_enabled":true,"_links":{"self":[{"href":"https:\/\/informativoelvalledeaguascalientes.online\/index.php?rest_route=\/wp\/v2\/posts\/11208","targetHints":{"allow":["GET"]}}],"collection":[{"href":"https:\/\/informativoelvalledeaguascalientes.online\/index.php?rest_route=\/wp\/v2\/posts"}],"about":[{"href":"https:\/\/informativoelvalledeaguascalientes.online\/index.php?rest_route=\/wp\/v2\/types\/post"}],"author":[{"embeddable":true,"href":"https:\/\/informativoelvalledeaguascalientes.online\/index.php?rest_route=\/wp\/v2\/users\/1"}],"replies":[{"embeddable":true,"href":"https:\/\/informativoelvalledeaguascalientes.online\/index.php?rest_route=%2Fwp%2Fv2%2Fcomments&post=11208"}],"version-history":[{"count":1,"href":"https:\/\/informativoelvalledeaguascalientes.online\/index.php?rest_route=\/wp\/v2\/posts\/11208\/revisions"}],"predecessor-version":[{"id":11210,"href":"https:\/\/informativoelvalledeaguascalientes.online\/index.php?rest_route=\/wp\/v2\/posts\/11208\/revisions\/11210"}],"wp:featuredmedia":[{"embeddable":true,"href":"https:\/\/informativoelvalledeaguascalientes.online\/index.php?rest_route=\/wp\/v2\/media\/11209"}],"wp:attachment":[{"href":"https:\/\/informativoelvalledeaguascalientes.online\/index.php?rest_route=%2Fwp%2Fv2%2Fmedia&parent=11208"}],"wp:term":[{"taxonomy":"category","embeddable":true,"href":"https:\/\/informativoelvalledeaguascalientes.online\/index.php?rest_route=%2Fwp%2Fv2%2Fcategories&post=11208"},{"taxonomy":"post_tag","embeddable":true,"href":"https:\/\/informativoelvalledeaguascalientes.online\/index.php?rest_route=%2Fwp%2Fv2%2Ftags&post=11208"}],"curies":[{"name":"wp","href":"https:\/\/api.w.org\/{rel}","templated":true}]}}