{"id":11195,"date":"2020-09-08T18:17:47","date_gmt":"2020-09-09T00:17:47","guid":{"rendered":"https:\/\/informativoelvalledeaguascalientes.online\/?p=11195"},"modified":"2020-09-08T18:17:47","modified_gmt":"2020-09-09T00:17:47","slug":"impulsar-la-economia-y-el-consumo-local-debe-ser-una-muestra-de-la-solidaridad-que-distingue-a-la-sociedad-aguascalentense","status":"publish","type":"post","link":"https:\/\/informativoelvalledeaguascalientes.online\/?p=11195","title":{"rendered":"IMPULSAR LA ECONOM\u00cdA Y EL CONSUMO LOCAL DEBE SER UNA MUESTRA DE LA SOLIDARIDAD QUE DISTINGUE A LA SOCIEDAD AGUASCALENTENSE"},"content":{"rendered":"<p dir=\"ltr\">\n<ul>\n<li dir=\"ltr\">\n<p dir=\"ltr\">Las decisiones se han tomado de manera equilibrada priorizando siempre la salud de la poblaci\u00f3n: MOS<\/p>\n<\/li>\n<li dir=\"ltr\">\n<p dir=\"ltr\">En una primera etapa, 50 tiendas de abarrotes formar\u00e1n parte del programa \u201cTierra Nuestra\u201d<\/p>\n<\/li>\n<\/ul>\n<p dir=\"ltr\">Al presentar las acciones del Eje 1 del Plan de Reactivaci\u00f3n Econ\u00f3mica \u201cImpulso al Consumo Local y comercio electr\u00f3nico\u201d, el gobernador Mart\u00edn Orozco Sandoval asegur\u00f3 que esta serie de estrategias representan un compromiso de su gobierno para fomentar la solidaridad econ\u00f3mica entre el empresariado local, pues la pandemia ha implicado la p\u00e9rdida de empleos y cierres de negocios.<\/p>\n<p>&nbsp;<\/p>\n<p dir=\"ltr\">En este sentido, precis\u00f3 que su administraci\u00f3n se ha preparado para contener los efectos de esta crisis sanitaria, siendo uno de ellos el decrecimiento econ\u00f3mico, por lo que asegur\u00f3 que las decisiones se han tomado de manera equilibrada poniendo siempre como prioridad la salud de la poblaci\u00f3n, siendo conscientes que podr\u00edan adem\u00e1s presentarse crisis psicosociales, educativas y de seguridad p\u00fablica.<\/p>\n<p>&nbsp;<\/p>\n<p dir=\"ltr\">Por ello, asegur\u00f3 que estas acciones econ\u00f3micas no pretenden afectar las pol\u00edticas p\u00fablicas sanitarias, sino ser un apoyo que sostenga la econom\u00eda y que las familias aguascalentenses puedan tener ingresos econ\u00f3micos, pero paralelamente, que garanticen que puedan seguir utilizando las medidas de cuidado en su d\u00eda a d\u00eda.<\/p>\n<p>&nbsp;<\/p>\n<p dir=\"ltr\">Al tomar la palabra, el secretario de Desarrollo Econ\u00f3mico, Manuel Alejandro Gonz\u00e1lez Mart\u00ednez, destac\u00f3 que estos tres programas del Eje 1 comprenden \u201cTierra Nuestra\u201d, \u201cHecho en Aguascalientes\u201d, as\u00ed como \u201cMentores por Aguascalientes\u201d.<\/p>\n<p>&nbsp;<\/p>\n<p dir=\"ltr\">Sobre el primero, explic\u00f3 que se busca rescatar la tradici\u00f3n de las tiendas y miscel\u00e1neas con un modelo de atractivo visual, tecnol\u00f3gico y de servicios que permita reducir las diferencias competitivas frente al crecimiento de las cadenas de conveniencia, en donde en una primera etapa, 50 de ellas formar\u00e1n parte en una versi\u00f3n piloto de esta acci\u00f3n econ\u00f3mica.<\/p>\n<p>&nbsp;<\/p>\n<p dir=\"ltr\">Posteriormente, la estrategia de Hecho en Aguascalientes para certificar a las Micro, Peque\u00f1as y Medianas Empresas de los sectores textil, alimentos, industrial, artesanal, salud y belleza mediante el diagn\u00f3stico, capacitaci\u00f3n y mentor\u00eda profesional para el fortalecimiento y desarrollo eficiente de su negocio.<\/p>\n<p>&nbsp;<\/p>\n<p dir=\"ltr\">Sobre el programa Mentores por Aguascalientes; plataforma digital que se basa en la alianza con empresarios locales de alto nivel, con la cual se garantiza la generaci\u00f3n de una red de expertos que compartir\u00e1n t\u00e9cnicas y mejores pr\u00e1cticas, as\u00ed como soluci\u00f3n de problem\u00e1ticas para el impulso del\u00a0 crecimiento empresarial.<\/p>\n<p>&nbsp;<\/p>\n<p dir=\"ltr\">Finalmente, Maximiliano Mart\u00ednez Arteaga, representante del programa \u201cHecho en Aguascalientes\u201d, reconoci\u00f3 a la presente administraci\u00f3n estatal por la implementaci\u00f3n del plan de reactivaci\u00f3n econ\u00f3mica, pues asegur\u00f3 que su negocio se pudo fortalecer\u00a0 e incluso, diversificar los canales de comercializaci\u00f3n a trav\u00e9s de plataformas electr\u00f3nicas.<\/p>\n<p>&nbsp;<\/p>\n<p dir=\"ltr\">A esta presentaci\u00f3n acudieron tambi\u00e9n Miguel Mu\u00f1oz de la Torre, titular de la Sedrae; Pedro Guti\u00e9rrez Romo, presidente del Consejo Coordinador Empresarial; as\u00ed como representantes de c\u00e1maras empresariales y empresarios locales.<\/p>\n","protected":false},"excerpt":{"rendered":"<p>Las decisiones se han tomado de manera equilibrada priorizando siempre la salud de la poblaci\u00f3n: MOS En una primera etapa, 50 tiendas de abarrotes formar\u00e1n parte del programa \u201cTierra Nuestra\u201d Al presentar las acciones del Eje 1 del Plan de Reactivaci\u00f3n Econ\u00f3mica \u201cImpulso al Consumo Local y comercio electr\u00f3nico\u201d, el gobernador Mart\u00edn Orozco Sandoval asegur\u00f3 [&hellip;]<\/p>\n","protected":false},"author":1,"featured_media":11196,"comment_status":"closed","ping_status":"open","sticky":false,"template":"","format":"standard","meta":{"advanced_seo_description":"","jetpack_seo_html_title":"","jetpack_seo_noindex":false,"_jetpack_memberships_contains_paid_content":false,"footnotes":"","jetpack_publicize_message":"","jetpack_publicize_feature_enabled":true,"jetpack_social_post_already_shared":true,"jetpack_social_options":{"image_generator_settings":{"template":"highway","default_image_id":0,"font":"","enabled":false},"version":2}},"categories":[21,4],"tags":[22,31],"class_list":["post-11195","post","type-post","status-publish","format-standard","has-post-thumbnail","hentry","category-aguascalientes","category-gobierno-del-estado-aguascalientes","tag-aguascalientes","tag-mos"],"jetpack_publicize_connections":[],"jetpack_featured_media_url":"https:\/\/i0.wp.com\/informativoelvalledeaguascalientes.online\/wp-content\/uploads\/2020\/09\/WhatsApp-Image-2020-09-08-at-12.25.08-AM-4.jpeg?fit=1167%2C778&ssl=1","jetpack-related-posts":[],"jetpack_sharing_enabled":true,"jetpack_likes_enabled":true,"_links":{"self":[{"href":"https:\/\/informativoelvalledeaguascalientes.online\/index.php?rest_route=\/wp\/v2\/posts\/11195","targetHints":{"allow":["GET"]}}],"collection":[{"href":"https:\/\/informativoelvalledeaguascalientes.online\/index.php?rest_route=\/wp\/v2\/posts"}],"about":[{"href":"https:\/\/informativoelvalledeaguascalientes.online\/index.php?rest_route=\/wp\/v2\/types\/post"}],"author":[{"embeddable":true,"href":"https:\/\/informativoelvalledeaguascalientes.online\/index.php?rest_route=\/wp\/v2\/users\/1"}],"replies":[{"embeddable":true,"href":"https:\/\/informativoelvalledeaguascalientes.online\/index.php?rest_route=%2Fwp%2Fv2%2Fcomments&post=11195"}],"version-history":[{"count":1,"href":"https:\/\/informativoelvalledeaguascalientes.online\/index.php?rest_route=\/wp\/v2\/posts\/11195\/revisions"}],"predecessor-version":[{"id":11197,"href":"https:\/\/informativoelvalledeaguascalientes.online\/index.php?rest_route=\/wp\/v2\/posts\/11195\/revisions\/11197"}],"wp:featuredmedia":[{"embeddable":true,"href":"https:\/\/informativoelvalledeaguascalientes.online\/index.php?rest_route=\/wp\/v2\/media\/11196"}],"wp:attachment":[{"href":"https:\/\/informativoelvalledeaguascalientes.online\/index.php?rest_route=%2Fwp%2Fv2%2Fmedia&parent=11195"}],"wp:term":[{"taxonomy":"category","embeddable":true,"href":"https:\/\/informativoelvalledeaguascalientes.online\/index.php?rest_route=%2Fwp%2Fv2%2Fcategories&post=11195"},{"taxonomy":"post_tag","embeddable":true,"href":"https:\/\/informativoelvalledeaguascalientes.online\/index.php?rest_route=%2Fwp%2Fv2%2Ftags&post=11195"}],"curies":[{"name":"wp","href":"https:\/\/api.w.org\/{rel}","templated":true}]}}