{"id":11189,"date":"2020-09-07T20:58:51","date_gmt":"2020-09-08T02:58:51","guid":{"rendered":"https:\/\/informativoelvalledeaguascalientes.online\/?p=11189"},"modified":"2020-09-07T20:58:51","modified_gmt":"2020-09-08T02:58:51","slug":"reciben-binomios-del-grupo-k-9-de-la-sspe-curso-sobre-deteccion-y-manejo-de-fentanilo","status":"publish","type":"post","link":"https:\/\/informativoelvalledeaguascalientes.online\/?p=11189","title":{"rendered":"RECIBEN BINOMIOS DEL GRUPO K-9 DE LA SSPE CURSO SOBRE DETECCI\u00d3N Y MANEJO DE FENTANILO"},"content":{"rendered":"<p>&nbsp;<\/p>\n<p>Tres elementos con sus binomios caninos acudieron a Tepic, Nayarit para participar en esta capacitaci\u00f3n<br \/>\nEl \u00d3rgano Administrativo Desconcentrado de Prevenci\u00f3n y Readaptaci\u00f3n Social Federal se encarg\u00f3 de los gastos de este curso<br \/>\nReciben tres elementos con sus binomios, integrantes del Grupo K-9 de la Secretar\u00eda de Seguridad P\u00fablica del Estado el curso \u201cEspecializaci\u00f3n de Binomios Caninos en B\u00fasqueda y Detecci\u00f3n de Fentanilo\u201d, el cual fue organizado por \u00d3rgano Administrativo Desconcentrado de Prevenci\u00f3n y Readaptaci\u00f3n Social Federal, el cual hizo la invitaci\u00f3n y se hizo cargo de los costos del mismo.<\/p>\n<p>Esta capacitaci\u00f3n, indic\u00f3 el titular de la instituci\u00f3n Porfirio Javier S\u00e1nchez Mendoza, es necesario para fortalecer las labores de prevenci\u00f3n que el grupo realiza en calles y carreteras de la entidad, as\u00ed como en los accesos a los Centros de Reinserci\u00f3n Social en el Estado, a fin de prevenir el traslado por carreteras, distribuci\u00f3n en las calles o ingreso a los penales de cualquier tipo de droga.<\/p>\n<p>Explic\u00f3 que debido al trabajo que realizan los elementos del Grupo K-9 en los accesos a los penales del Estado, se les extendi\u00f3 la invitaci\u00f3n para acudir a las instalaciones del Centro de Adiestramiento y Actualizaci\u00f3n Canina de la Academia Nacional de Administraci\u00f3n Penitenciaria, ubicada en la ciudad de Tepic, Nayarit, el cual se llev\u00f3 a cabo del 24 al 27 de agosto del a\u00f1o en curso.<\/p>\n<p>Ah\u00ed conocieron el protocolo para la b\u00fasqueda de fentanilo, las precauciones que se deben tener con el can, pues se trata de un narc\u00f3tico muy agresivo, la manera en la que se tiene que realizar su aseguramiento, adem\u00e1s de las medidas de cuidado para su traslado.<\/p>\n<p>Agreg\u00f3 que con este curso se incrementa la especializaci\u00f3n y habilidades del personal que integra el Grupo K-9, ya que el personal capacitado, se encarga de replicar los conocimientos adquiridos con el resto de sus compa\u00f1eros.<\/p>\n<p>S\u00e1nchez Mendoza se\u00f1al\u00f3 que la instituci\u00f3n, as\u00ed como el personal trabajan diariamente con la finalidad que la Secretar\u00eda de Seguridad P\u00fablica del Estado se mantenga como una de las mejores instituciones de seguridad a nivel nacional.<\/p>\n","protected":false},"excerpt":{"rendered":"<p>&nbsp; Tres elementos con sus binomios caninos acudieron a Tepic, Nayarit para participar en esta capacitaci\u00f3n El \u00d3rgano Administrativo Desconcentrado de Prevenci\u00f3n y Readaptaci\u00f3n Social Federal se encarg\u00f3 de los gastos de este curso Reciben tres elementos con sus binomios, integrantes del Grupo K-9 de la Secretar\u00eda de Seguridad P\u00fablica del Estado el curso \u201cEspecializaci\u00f3n [&hellip;]<\/p>\n","protected":false},"author":1,"featured_media":11190,"comment_status":"closed","ping_status":"open","sticky":false,"template":"","format":"standard","meta":{"advanced_seo_description":"","jetpack_seo_html_title":"","jetpack_seo_noindex":false,"_jetpack_memberships_contains_paid_content":false,"footnotes":"","jetpack_publicize_message":"","jetpack_publicize_feature_enabled":true,"jetpack_social_post_already_shared":true,"jetpack_social_options":{"image_generator_settings":{"template":"highway","default_image_id":0,"font":"","enabled":false},"version":2}},"categories":[21,4],"tags":[22,122],"class_list":["post-11189","post","type-post","status-publish","format-standard","has-post-thumbnail","hentry","category-aguascalientes","category-gobierno-del-estado-aguascalientes","tag-aguascalientes","tag-sspe-aguascalientes"],"jetpack_publicize_connections":[],"jetpack_featured_media_url":"https:\/\/i0.wp.com\/informativoelvalledeaguascalientes.online\/wp-content\/uploads\/2020\/09\/WhatsApp-Image-2020-09-07-at-7.48.39-PM.jpeg?fit=1032%2C581&ssl=1","jetpack-related-posts":[],"jetpack_sharing_enabled":true,"jetpack_likes_enabled":true,"_links":{"self":[{"href":"https:\/\/informativoelvalledeaguascalientes.online\/index.php?rest_route=\/wp\/v2\/posts\/11189","targetHints":{"allow":["GET"]}}],"collection":[{"href":"https:\/\/informativoelvalledeaguascalientes.online\/index.php?rest_route=\/wp\/v2\/posts"}],"about":[{"href":"https:\/\/informativoelvalledeaguascalientes.online\/index.php?rest_route=\/wp\/v2\/types\/post"}],"author":[{"embeddable":true,"href":"https:\/\/informativoelvalledeaguascalientes.online\/index.php?rest_route=\/wp\/v2\/users\/1"}],"replies":[{"embeddable":true,"href":"https:\/\/informativoelvalledeaguascalientes.online\/index.php?rest_route=%2Fwp%2Fv2%2Fcomments&post=11189"}],"version-history":[{"count":1,"href":"https:\/\/informativoelvalledeaguascalientes.online\/index.php?rest_route=\/wp\/v2\/posts\/11189\/revisions"}],"predecessor-version":[{"id":11191,"href":"https:\/\/informativoelvalledeaguascalientes.online\/index.php?rest_route=\/wp\/v2\/posts\/11189\/revisions\/11191"}],"wp:featuredmedia":[{"embeddable":true,"href":"https:\/\/informativoelvalledeaguascalientes.online\/index.php?rest_route=\/wp\/v2\/media\/11190"}],"wp:attachment":[{"href":"https:\/\/informativoelvalledeaguascalientes.online\/index.php?rest_route=%2Fwp%2Fv2%2Fmedia&parent=11189"}],"wp:term":[{"taxonomy":"category","embeddable":true,"href":"https:\/\/informativoelvalledeaguascalientes.online\/index.php?rest_route=%2Fwp%2Fv2%2Fcategories&post=11189"},{"taxonomy":"post_tag","embeddable":true,"href":"https:\/\/informativoelvalledeaguascalientes.online\/index.php?rest_route=%2Fwp%2Fv2%2Ftags&post=11189"}],"curies":[{"name":"wp","href":"https:\/\/api.w.org\/{rel}","templated":true}]}}