{"id":11184,"date":"2020-09-07T20:48:09","date_gmt":"2020-09-08T02:48:09","guid":{"rendered":"https:\/\/informativoelvalledeaguascalientes.online\/?p=11184"},"modified":"2020-09-07T20:48:09","modified_gmt":"2020-09-08T02:48:09","slug":"alaniz-de-leon-comento-que-este-miercoles-se-desarrollara-la-ultima-sesion-de-la-diputacion-permanente-donde-se-convocara-a-sesion-solemne-para-el-proximo-15-de-septiembre-y-concluir-asi-con-el-perio","status":"publish","type":"post","link":"https:\/\/informativoelvalledeaguascalientes.online\/?p=11184","title":{"rendered":"Alaniz de Le\u00f3n, coment\u00f3 que este mi\u00e9rcoles se desarrollar\u00e1 la \u00faltima sesi\u00f3n de la Diputaci\u00f3n Permanente donde se convocar\u00e1 a Sesi\u00f3n Solemne para el pr\u00f3ximo 15 de septiembre y concluir as\u00ed con el Per\u00edodo de Receso e inmediatamente dar inicio con el Per\u00edodo Ordinario de Sesiones del Tercer A\u00f1o de Ejercicio Constitucional."},"content":{"rendered":"<p style=\"font-weight: 400;\">Se afinan los \u00faltimos detalles para el inicio del nuevo Per\u00edodo Ordinario de Sesiones. El Presidente de la Junta de Coordinaci\u00f3n Pol\u00edtica, Juan Guillermo Alaniz de Le\u00f3n, coment\u00f3 que este mi\u00e9rcoles se desarrollar\u00e1 la \u00faltima sesi\u00f3n de la Diputaci\u00f3n Permanente donde se convocar\u00e1 a Sesi\u00f3n Solemne para el pr\u00f3ximo 15 de septiembre y concluir as\u00ed con el Per\u00edodo de Receso e inmediatamente dar inicio con el Per\u00edodo Ordinario de Sesiones del Tercer A\u00f1o de Ejercicio Constitucional.<\/p>\n<p style=\"font-weight: 400;\">\n<p style=\"font-weight: 400;\">&#8220;Estamos por iniciar el que ser\u00e1 nuestro tercer y \u00faltimo a\u00f1o de esta la LXIV Legislatura. Y estoy seguro que ser\u00e1 un a\u00f1o muy productivo pues estaremos presentando iniciativas de diversos temas. Algunas las estaremos presentando como grupo parlamentario de Acci\u00f3n Nacional y otras de manera individual&#8221; coment\u00f3 al respecto el legislador.<\/p>\n<p style=\"font-weight: 400;\">\n<p style=\"font-weight: 400;\">Asimismo, detall\u00f3 que algunas de estas iniciativas forman parte de la plataforma legislativa que registraron antes de dar inicio a su mandato como diputados, adem\u00e1s destac\u00f3 que la mayor\u00eda de estas iniciativas surgieron a propuesta directa de la ciudadan\u00eda.<\/p>\n<p style=\"font-weight: 400;\">\n<p style=\"font-weight: 400;\">Alan\u00edz de Le\u00f3n tambi\u00e9n asegur\u00f3 que las diferentes comisiones estar\u00e1n sesionando de manera continua a fin de dar salida a la mayor cantidad de iniciativas para que puedan ser discutidas en el Pleno y al mismo tiempo no dejar rezago para la pr\u00f3xima legislatura.<\/p>\n","protected":false},"excerpt":{"rendered":"<p>Se afinan los \u00faltimos detalles para el inicio del nuevo Per\u00edodo Ordinario de Sesiones. El Presidente de la Junta de Coordinaci\u00f3n Pol\u00edtica, Juan Guillermo Alaniz de Le\u00f3n, coment\u00f3 que este mi\u00e9rcoles se desarrollar\u00e1 la \u00faltima sesi\u00f3n de la Diputaci\u00f3n Permanente donde se convocar\u00e1 a Sesi\u00f3n Solemne para el pr\u00f3ximo 15 de septiembre y concluir as\u00ed [&hellip;]<\/p>\n","protected":false},"author":1,"featured_media":934,"comment_status":"closed","ping_status":"open","sticky":false,"template":"","format":"standard","meta":{"advanced_seo_description":"","jetpack_seo_html_title":"","jetpack_seo_noindex":false,"_jetpack_memberships_contains_paid_content":false,"footnotes":"","jetpack_publicize_message":"","jetpack_publicize_feature_enabled":true,"jetpack_social_post_already_shared":true,"jetpack_social_options":{"image_generator_settings":{"template":"highway","default_image_id":0,"font":"","enabled":false},"version":2}},"categories":[21,5,7],"tags":[22,44,23],"class_list":["post-11184","post","type-post","status-publish","format-standard","has-post-thumbnail","hentry","category-aguascalientes","category-h-congreso-del-estado-aguascalientes","category-pan-aguascalientes","tag-aguascalientes","tag-lxiv-legislatura-aguascalientes","tag-pan-aguascalientes"],"jetpack_publicize_connections":[],"jetpack_featured_media_url":"https:\/\/i0.wp.com\/informativoelvalledeaguascalientes.online\/wp-content\/uploads\/2019\/12\/memo_alaniz_16122019.jpg?fit=900%2C631&ssl=1","jetpack-related-posts":[],"jetpack_sharing_enabled":true,"jetpack_likes_enabled":true,"_links":{"self":[{"href":"https:\/\/informativoelvalledeaguascalientes.online\/index.php?rest_route=\/wp\/v2\/posts\/11184","targetHints":{"allow":["GET"]}}],"collection":[{"href":"https:\/\/informativoelvalledeaguascalientes.online\/index.php?rest_route=\/wp\/v2\/posts"}],"about":[{"href":"https:\/\/informativoelvalledeaguascalientes.online\/index.php?rest_route=\/wp\/v2\/types\/post"}],"author":[{"embeddable":true,"href":"https:\/\/informativoelvalledeaguascalientes.online\/index.php?rest_route=\/wp\/v2\/users\/1"}],"replies":[{"embeddable":true,"href":"https:\/\/informativoelvalledeaguascalientes.online\/index.php?rest_route=%2Fwp%2Fv2%2Fcomments&post=11184"}],"version-history":[{"count":1,"href":"https:\/\/informativoelvalledeaguascalientes.online\/index.php?rest_route=\/wp\/v2\/posts\/11184\/revisions"}],"predecessor-version":[{"id":11185,"href":"https:\/\/informativoelvalledeaguascalientes.online\/index.php?rest_route=\/wp\/v2\/posts\/11184\/revisions\/11185"}],"wp:featuredmedia":[{"embeddable":true,"href":"https:\/\/informativoelvalledeaguascalientes.online\/index.php?rest_route=\/wp\/v2\/media\/934"}],"wp:attachment":[{"href":"https:\/\/informativoelvalledeaguascalientes.online\/index.php?rest_route=%2Fwp%2Fv2%2Fmedia&parent=11184"}],"wp:term":[{"taxonomy":"category","embeddable":true,"href":"https:\/\/informativoelvalledeaguascalientes.online\/index.php?rest_route=%2Fwp%2Fv2%2Fcategories&post=11184"},{"taxonomy":"post_tag","embeddable":true,"href":"https:\/\/informativoelvalledeaguascalientes.online\/index.php?rest_route=%2Fwp%2Fv2%2Ftags&post=11184"}],"curies":[{"name":"wp","href":"https:\/\/api.w.org\/{rel}","templated":true}]}}