{"id":11171,"date":"2020-09-07T19:57:49","date_gmt":"2020-09-08T01:57:49","guid":{"rendered":"https:\/\/informativoelvalledeaguascalientes.online\/?p=11171"},"modified":"2020-09-07T19:57:49","modified_gmt":"2020-09-08T01:57:49","slug":"en-marcha-operativo-de-coordinacion-para-los-ceremonias-civicas-virtuales-del-mes-de-septiembre","status":"publish","type":"post","link":"https:\/\/informativoelvalledeaguascalientes.online\/?p=11171","title":{"rendered":"EN MARCHA OPERATIVO DE COORDINACI\u00d3N PARA LOS CEREMONIAS C\u00cdVICAS VIRTUALES DEL MES DE SEPTIEMBRE  \u00a0"},"content":{"rendered":"<p style=\"font-weight: 400;\">\n<ul>\n<li style=\"font-weight: 400;\"><strong><em>La situaci\u00f3n sanitaria nos obliga a ser creativos en las formas de celebrar nuestras fiestas patrias: MCR<\/em><\/strong><\/li>\n<li style=\"font-weight: 400;\"><strong><em>El operativo de fiestas patrias en las que participan corporaciones de orden federal, estatal y municipal, ser\u00e1 coordinado por la Seggob<\/em><\/strong><\/li>\n<\/ul>\n<p style=\"font-weight: 400;\">\n<p style=\"font-weight: 400;\">\n<p style=\"font-weight: 400;\">Con la finalidad de establecer las l\u00edneas de acci\u00f3n que habr\u00e1n de realizar las instituciones de los \u00f3rdenes federal, estatal y municipal, por instrucciones del gobernador Mart\u00edn Orozco Sandoval, el subsecretario de Gobierno, Manuel Cortina Reynoso, sostuvo una reuni\u00f3n con los titulares y representantes de las corporaciones que participar\u00e1n en las ceremonias c\u00edvicos y operativos del mes patrio, para llevar la coordinaci\u00f3n general.<\/p>\n<p style=\"font-weight: 400;\">\n<p style=\"font-weight: 400;\">Durante el encuentro en la que estuvieron presentes la Guardia Nacional, el Ej\u00e9rcito Mexicano a trav\u00e9s de la XIV Zona Militar y las polic\u00edas estatal y municipal, Cortina Reynoso coment\u00f3 que a pesar de la contingencia sanitaria que afecta a todo el mundo, para M\u00e9xico es importante respetar y difundir el sentimiento patrio, por lo cual, si bien se deben evitar las aglomeraciones, con creatividad debemos adaptarnos a las nuevas circunstancias para no dejar pasar estas fechas.<\/p>\n<p style=\"font-weight: 400;\">\n<p style=\"font-weight: 400;\">Los eventos que se realicen, ser\u00e1n en espacios abiertos, bajo protocolos de sanidad, con n\u00fameros reducidos de asistentes y cerrados al p\u00fablico, comienzan con la conmemoraci\u00f3n del 173 aniversario de la gesta heroica de los Ni\u00f1os H\u00e9roes de Chapultepec, el domingo 13 de septiembre en la Plaza de la Patria.<\/p>\n<p style=\"font-weight: 400;\">\n<p style=\"font-weight: 400;\">La noche del 15 de\u00a0 septiembre ser\u00e1 como recientemente lo anunci\u00f3 el Gobernador del Estado, una ceremonia del \u201cGrito de Independencia\u201d de manera virtual que incluir\u00e1 un espect\u00e1culo de luz, todo esto se podr\u00e1 disfrutar solo a trav\u00e9s de las redes sociales de Gobierno del Estado y por la se\u00f1al de Canal 26.<\/p>\n<p style=\"font-weight: 400;\">\n<p style=\"font-weight: 400;\">El mi\u00e9rcoles 16 de septiembre, en sustituci\u00f3n del tradicional desfile militar, se llevar\u00e1 a cabo un acto c\u00edvico al interior de la XIV Zona Militar bajo estrictos protocolos de salud.<\/p>\n<p style=\"font-weight: 400;\">\n<p style=\"font-weight: 400;\">Es importante destacar que en la ceremonia del 15 de septiembre por la noche, se dispondr\u00e1 de un per\u00edmetro de seguridad para evitar que las personas acudan a la Plaza de la Patria, por lo cual se insiste en seguir el evento a trav\u00e9s de la transmisi\u00f3n que se realizar\u00e1 por los canales y medios oficiales.<\/p>\n","protected":false},"excerpt":{"rendered":"<p>La situaci\u00f3n sanitaria nos obliga a ser creativos en las formas de celebrar nuestras fiestas patrias: MCR El operativo de fiestas patrias en las que participan corporaciones de orden federal, estatal y municipal, ser\u00e1 coordinado por la Seggob Con la finalidad de establecer las l\u00edneas de acci\u00f3n que habr\u00e1n de realizar las instituciones de los [&hellip;]<\/p>\n","protected":false},"author":1,"featured_media":11175,"comment_status":"closed","ping_status":"open","sticky":false,"template":"","format":"standard","meta":{"advanced_seo_description":"","jetpack_seo_html_title":"","jetpack_seo_noindex":false,"_jetpack_memberships_contains_paid_content":false,"footnotes":"","jetpack_publicize_message":"","jetpack_publicize_feature_enabled":true,"jetpack_social_post_already_shared":true,"jetpack_social_options":{"image_generator_settings":{"template":"highway","default_image_id":0,"font":"","enabled":false},"version":2}},"categories":[21,4],"tags":[22,51],"class_list":["post-11171","post","type-post","status-publish","format-standard","has-post-thumbnail","hentry","category-aguascalientes","category-gobierno-del-estado-aguascalientes","tag-aguascalientes","tag-seggob"],"jetpack_publicize_connections":[],"jetpack_featured_media_url":"https:\/\/i0.wp.com\/informativoelvalledeaguascalientes.online\/wp-content\/uploads\/2020\/09\/WhatsApp-Image-2020-09-07-at-3.21.10-PM-1.jpeg?fit=1280%2C853&ssl=1","jetpack-related-posts":[],"jetpack_sharing_enabled":true,"jetpack_likes_enabled":true,"_links":{"self":[{"href":"https:\/\/informativoelvalledeaguascalientes.online\/index.php?rest_route=\/wp\/v2\/posts\/11171","targetHints":{"allow":["GET"]}}],"collection":[{"href":"https:\/\/informativoelvalledeaguascalientes.online\/index.php?rest_route=\/wp\/v2\/posts"}],"about":[{"href":"https:\/\/informativoelvalledeaguascalientes.online\/index.php?rest_route=\/wp\/v2\/types\/post"}],"author":[{"embeddable":true,"href":"https:\/\/informativoelvalledeaguascalientes.online\/index.php?rest_route=\/wp\/v2\/users\/1"}],"replies":[{"embeddable":true,"href":"https:\/\/informativoelvalledeaguascalientes.online\/index.php?rest_route=%2Fwp%2Fv2%2Fcomments&post=11171"}],"version-history":[{"count":1,"href":"https:\/\/informativoelvalledeaguascalientes.online\/index.php?rest_route=\/wp\/v2\/posts\/11171\/revisions"}],"predecessor-version":[{"id":11176,"href":"https:\/\/informativoelvalledeaguascalientes.online\/index.php?rest_route=\/wp\/v2\/posts\/11171\/revisions\/11176"}],"wp:featuredmedia":[{"embeddable":true,"href":"https:\/\/informativoelvalledeaguascalientes.online\/index.php?rest_route=\/wp\/v2\/media\/11175"}],"wp:attachment":[{"href":"https:\/\/informativoelvalledeaguascalientes.online\/index.php?rest_route=%2Fwp%2Fv2%2Fmedia&parent=11171"}],"wp:term":[{"taxonomy":"category","embeddable":true,"href":"https:\/\/informativoelvalledeaguascalientes.online\/index.php?rest_route=%2Fwp%2Fv2%2Fcategories&post=11171"},{"taxonomy":"post_tag","embeddable":true,"href":"https:\/\/informativoelvalledeaguascalientes.online\/index.php?rest_route=%2Fwp%2Fv2%2Ftags&post=11171"}],"curies":[{"name":"wp","href":"https:\/\/api.w.org\/{rel}","templated":true}]}}