{"id":11136,"date":"2020-09-07T16:39:57","date_gmt":"2020-09-07T22:39:57","guid":{"rendered":"https:\/\/informativoelvalledeaguascalientes.online\/?p=11136"},"modified":"2020-09-07T16:39:57","modified_gmt":"2020-09-07T22:39:57","slug":"municipio-de-aguascalientes-lanza-campana-hablando-desde-el-corazon-para-mejorar-la-convivencia-en-familia","status":"publish","type":"post","link":"https:\/\/informativoelvalledeaguascalientes.online\/?p=11136","title":{"rendered":"MUNICIPIO DE AGUASCALIENTES LANZA CAMPA\u00d1A \u201cHABLANDO DESDE EL CORAZ\u00d3N\u201d PARA MEJORAR LA CONVIVENCIA EN FAMILIA"},"content":{"rendered":"<ul>\n<li><strong>Psic\u00f3logos del DIF Municipal llevar\u00e1n informaci\u00f3n de utilidad para enfrentar de manera positiva la nueva normalidad<\/strong><\/li>\n<\/ul>\n<p><strong>\u00a0<\/strong>Buscando generar un entorno de convivencia arm\u00f3nico en las familias, sobre todo durante la pandemia que se vive a nivel mundial, la administraci\u00f3n de la alcaldesa\u00a0<strong>Tere Jim\u00e9nez<\/strong>\u00a0pone en marcha la nueva campa\u00f1a \u201cHablando desde el Coraz\u00f3n\u201d, en la que los psic\u00f3logos del DIF Municipal estar\u00e1n brindando consejos e informaci\u00f3n en distintos medios de comunicaci\u00f3n.<\/p>\n<p>A trav\u00e9s del Departamento de Salud Mental, los profesionales de la psicolog\u00eda abordar\u00e1n diversos temas para enfrentar de manera positiva el confinamiento ocasionado por la pandemia de COVID-19 y as\u00ed mejorar la convivencia y el sano desarrollo de las familias.<\/p>\n<p><strong>Ram\u00f3n Jim\u00e9nez Pe\u00f1aloza<\/strong>, presidente del DIF Municipal, coment\u00f3 que para la alcaldesa\u00a0<strong>Tere Jim\u00e9nez<\/strong>, es prioritario apoyar la salud mental de la poblaci\u00f3n del Municipio de Aguascalientes, es por este motivo que se decidi\u00f3 emprender estas acciones en donde los psic\u00f3logos explican a la poblaci\u00f3n c\u00f3mo manejar sus emociones en esta nueva normalidad.<\/p>\n<p>Los temas que se manejan en esta campa\u00f1a est\u00e1n enfocados en el correcto uso de las plataformas digitales, la comunicaci\u00f3n y educaci\u00f3n de ni\u00f1os y j\u00f3venes en la nueva normalidad, la relaci\u00f3n de pareja, el cuidado de los adultos mayores, manejo de emociones, entre otros.<\/p>\n<p><strong>Jim\u00e9nez Pe\u00f1aloza<\/strong>\u00a0agradeci\u00f3 el espacio que brindar\u00e1n los diversos medios de comunicaci\u00f3n para llevar informaci\u00f3n de utilidad y un mensaje de esperanza a todas las familias de Aguascalientes.<\/p>\n<p><strong>Jorge Arturo Negrete M\u00e1rquez<\/strong>, Jefe de Departamento de Salud Mental del DIF Municipal, coment\u00f3 que en este proyecto participan los psic\u00f3logos de las ludotecas \u201cSanado tu Coraz\u00f3n\u201d, psicolog\u00eda adultos \u201cTu Vida en Equilibrio\u201d, del programa de prevenci\u00f3n \u201cLatiendo por Ti\u201d y de la \u201cIncubadora Familiar\u201d.<\/p>\n<p>El programa inicia este lunes 7 de septiembre, por lo que se invita a la poblaci\u00f3n a estar al pendiente de radiodifusoras, canales locales de televisi\u00f3n y redes sociales, en donde saldr\u00e1n las c\u00e1psulas \u201cHablando desde el Coraz\u00f3n\u201d, que \u00a0ser\u00e1n de gran apoyo para mejorar el entorno familiar y personal.<\/p>\n","protected":false},"excerpt":{"rendered":"<p>Psic\u00f3logos del DIF Municipal llevar\u00e1n informaci\u00f3n de utilidad para enfrentar de manera positiva la nueva normalidad \u00a0Buscando generar un entorno de convivencia arm\u00f3nico en las familias, sobre todo durante la pandemia que se vive a nivel mundial, la administraci\u00f3n de la alcaldesa\u00a0Tere Jim\u00e9nez\u00a0pone en marcha la nueva campa\u00f1a \u201cHablando desde el Coraz\u00f3n\u201d, en la que [&hellip;]<\/p>\n","protected":false},"author":1,"featured_media":11137,"comment_status":"closed","ping_status":"open","sticky":false,"template":"","format":"standard","meta":{"advanced_seo_description":"","jetpack_seo_html_title":"","jetpack_seo_noindex":false,"_jetpack_memberships_contains_paid_content":false,"footnotes":"","jetpack_publicize_message":"","jetpack_publicize_feature_enabled":true,"jetpack_social_post_already_shared":true,"jetpack_social_options":{"image_generator_settings":{"template":"highway","default_image_id":0,"font":"","enabled":false},"version":2}},"categories":[21,3],"tags":[22,25,72],"class_list":["post-11136","post","type-post","status-publish","format-standard","has-post-thumbnail","hentry","category-aguascalientes","category-municipio-aguascalientes","tag-aguascalientes","tag-mpio-aguascalientes","tag-mpio-aguascalientes-dif"],"jetpack_publicize_connections":[],"jetpack_featured_media_url":"https:\/\/i0.wp.com\/informativoelvalledeaguascalientes.online\/wp-content\/uploads\/2020\/09\/DFG.jpg?fit=486%2C485&ssl=1","jetpack-related-posts":[],"jetpack_sharing_enabled":true,"jetpack_likes_enabled":true,"_links":{"self":[{"href":"https:\/\/informativoelvalledeaguascalientes.online\/index.php?rest_route=\/wp\/v2\/posts\/11136","targetHints":{"allow":["GET"]}}],"collection":[{"href":"https:\/\/informativoelvalledeaguascalientes.online\/index.php?rest_route=\/wp\/v2\/posts"}],"about":[{"href":"https:\/\/informativoelvalledeaguascalientes.online\/index.php?rest_route=\/wp\/v2\/types\/post"}],"author":[{"embeddable":true,"href":"https:\/\/informativoelvalledeaguascalientes.online\/index.php?rest_route=\/wp\/v2\/users\/1"}],"replies":[{"embeddable":true,"href":"https:\/\/informativoelvalledeaguascalientes.online\/index.php?rest_route=%2Fwp%2Fv2%2Fcomments&post=11136"}],"version-history":[{"count":1,"href":"https:\/\/informativoelvalledeaguascalientes.online\/index.php?rest_route=\/wp\/v2\/posts\/11136\/revisions"}],"predecessor-version":[{"id":11138,"href":"https:\/\/informativoelvalledeaguascalientes.online\/index.php?rest_route=\/wp\/v2\/posts\/11136\/revisions\/11138"}],"wp:featuredmedia":[{"embeddable":true,"href":"https:\/\/informativoelvalledeaguascalientes.online\/index.php?rest_route=\/wp\/v2\/media\/11137"}],"wp:attachment":[{"href":"https:\/\/informativoelvalledeaguascalientes.online\/index.php?rest_route=%2Fwp%2Fv2%2Fmedia&parent=11136"}],"wp:term":[{"taxonomy":"category","embeddable":true,"href":"https:\/\/informativoelvalledeaguascalientes.online\/index.php?rest_route=%2Fwp%2Fv2%2Fcategories&post=11136"},{"taxonomy":"post_tag","embeddable":true,"href":"https:\/\/informativoelvalledeaguascalientes.online\/index.php?rest_route=%2Fwp%2Fv2%2Ftags&post=11136"}],"curies":[{"name":"wp","href":"https:\/\/api.w.org\/{rel}","templated":true}]}}