{"id":10999,"date":"2020-09-03T17:23:10","date_gmt":"2020-09-03T23:23:10","guid":{"rendered":"https:\/\/informativoelvalledeaguascalientes.online\/?p=10999"},"modified":"2020-09-03T17:23:10","modified_gmt":"2020-09-03T23:23:10","slug":"presenta-prd-ags-jornada-por-la-salud-sexual-integral","status":"publish","type":"post","link":"https:\/\/informativoelvalledeaguascalientes.online\/?p=10999","title":{"rendered":"Presenta PRD Ags. Jornada por la Salud Sexual Integral"},"content":{"rendered":"<p>Del 3 al 6 de septiembre en formato virtual una decena de especialistas discutir\u00e1n temas de placer, responsabilidad compartida, salud, violencias, entre otros.<\/p>\n<p>&nbsp;<\/p>\n<p>No podemos hablar de salud sexual sin hablar de una educaci\u00f3n integral basada en un marco de los Derechos Humanos; es por ello que desde el PRD en Aguascalientes, se prepar\u00f3 una Jornada por la Salud Sexual Integral en el marco del D\u00eda Mundial de la Salud Sexual del 3 al 5 de septiembre en modalidad virtual.<\/p>\n<p>La titular Secretar\u00eda de Agenda Social, Elena Agredano Gonz\u00e1lez, record\u00f3 que desde el 2010, cada 4 de septiembre se conmemora el D\u00eda Mundial de la Salud Sexual gracias a la Asociaci\u00f3n Mundial para la Salud Sexual (AMSS) en aras de sensibilizar y promover la sexualidad como un aspecto esencial del ser humano y un elemento de la salud reproductiva que debe ser satisfactorio, saludable y sin riesgos para la poblaci\u00f3n.<\/p>\n<p>\u201cLa educaci\u00f3n integral de la sexualidad est\u00e1 basada en un marco de Derechos Humanos que va dotando de conocimientos, aptitudes y actitudes por cada etapa en cada una de las personas que se est\u00e1n educando\u201d, puntualiz\u00f3 la especialista en sexolog\u00eda.<\/p>\n<p>Seg\u00fan la UNESCO, la educaci\u00f3n sexual integral juega un papel fundamental en el desarrollo de las ni\u00f1as, ni\u00f1os y adolescentes, investigaciones de esta organizaci\u00f3n se\u00f1ala que cuando se aplica este enfoque se hace progresivamente en funci\u00f3n de la edad, desde la empat\u00eda, el respeto y una educaci\u00f3n basada en los derechos humanos y la Perspectiva de G\u00e9nero, \u201cprincipalmente buscando el dotarles de conocimientos, aptitudes, actitudes y valores necesarios para disfruta de su sexualidad f\u00edsica y emocionalmente, a nivel individual e interpersonal\u201d.<\/p>\n<p>Las y los especialistas han expuesto que, en programas de la Educaci\u00f3n Integral de la Sexualidad, se han obtenido mejores resultados cuando se integran a madres, padres, cuidadores, y docentes involucrados en la educaci\u00f3n de ni\u00f1as, ni\u00f1os y adolescentes. Adem\u00e1s de que se les permite tener los conocimientos para identificar cosas que tiene que ver con su cuerpo, prevenci\u00f3n de las violencias y de los delitos sexuales como el enga\u00f1o pederasta mejor conocido como \u201cgrooming\u201d.<\/p>\n<p>El dirigente estatal, Iv\u00e1n S\u00e1nchez N\u00e1jera, destac\u00f3 la importancia de que en la educaci\u00f3n de la sexualidad se integren los temas emocionales y sociales con el sector varonil a fin de prevenir violencias f\u00edsicas, psicol\u00f3gicas y digitales, \u201cesto es un tema de todos, nosotros los hombres debemos llevar una salud sexual integral para as\u00ed dejar de responsabilizar a las mujeres de los problemas m\u00e1s comunes como el embarazo adolescente o las infecciones de transmisi\u00f3n sexual. Tenemos que exigir al sistema una educaci\u00f3n Integral para la sexualidad, donde se exponga la responsabilidad afectiva, el derecho al placer, la prevenci\u00f3n de las violencias y la responsabilidad del hombre, pues sin ello no podemos aspirar a una sociedad que goc\u00e9 plenamente de salud sexual\u201d<br \/>\nSi bien se reconoci\u00f3 la existencia de programas de salud p\u00fablica en materia de sexualidad, no han integrado en estos la perspectiva de g\u00e9nero, por lo cual desde la direcci\u00f3n estatal del PRD se trabajar\u00e1 en proyectos de gobierno donde se priorice este tema y que cada persona que imparta la educaci\u00f3n sexual tenga como requisito contar estudios de perspectiva de g\u00e9nero.<\/p>\n<p>Esta Jornada digital se dise\u00f1\u00f3 con especialistas invitados en psicolog\u00eda, salud y sexualidad para que, con exposiciones audiovisuales cortas, se pongan en la discusi\u00f3n p\u00fablica diversos temas que poco se tocan por prejuicios y estigmatizaci\u00f3n.<\/p>\n<p>Durante todo el fin de semana se tendr\u00e1n las participaciones en la p\u00e1gina de Facebook del PRD Aguascalientes en tres horarios diferentes; entre los exponentes se encuentra la abogada, educadora sexual y defensora de los Derechos Humanos, Marcela Mart\u00ednez Roaro; Adriana Perales psic\u00f3loga sex\u00f3loga especialista en personas trans; Leonardo Hern\u00e1ndez psic\u00f3logo sex\u00f3logo experto en atenci\u00f3n a la violencia de g\u00e9nero, Fernando \u00c1lvarez Sexol\u00f3go psic\u00f3logo especialista en violencia en ni\u00f1as y ni\u00f1os, entre otros m\u00e1s.<\/p>\n","protected":false},"excerpt":{"rendered":"<p>Del 3 al 6 de septiembre en formato virtual una decena de especialistas discutir\u00e1n temas de placer, responsabilidad compartida, salud, violencias, entre otros. &nbsp; No podemos hablar de salud sexual sin hablar de una educaci\u00f3n integral basada en un marco de los Derechos Humanos; es por ello que desde el PRD en Aguascalientes, se prepar\u00f3 [&hellip;]<\/p>\n","protected":false},"author":1,"featured_media":11000,"comment_status":"closed","ping_status":"open","sticky":false,"template":"","format":"standard","meta":{"advanced_seo_description":"","jetpack_seo_html_title":"","jetpack_seo_noindex":false,"_jetpack_memberships_contains_paid_content":false,"footnotes":"","jetpack_publicize_message":"","jetpack_publicize_feature_enabled":true,"jetpack_social_post_already_shared":true,"jetpack_social_options":{"image_generator_settings":{"template":"highway","default_image_id":0,"font":"","enabled":false},"version":2}},"categories":[21,19,6,8],"tags":[22,40],"class_list":["post-10999","post","type-post","status-publish","format-standard","has-post-thumbnail","hentry","category-aguascalientes","category-informacion-general","category-partidos-politicos","category-prd-aguascalientes","tag-aguascalientes","tag-prd-aguascalientes"],"jetpack_publicize_connections":[],"jetpack_featured_media_url":"https:\/\/i0.wp.com\/informativoelvalledeaguascalientes.online\/wp-content\/uploads\/2020\/09\/PRD_AGS_03092020.jpg?fit=938%2C625&ssl=1","jetpack-related-posts":[],"jetpack_sharing_enabled":true,"jetpack_likes_enabled":true,"_links":{"self":[{"href":"https:\/\/informativoelvalledeaguascalientes.online\/index.php?rest_route=\/wp\/v2\/posts\/10999","targetHints":{"allow":["GET"]}}],"collection":[{"href":"https:\/\/informativoelvalledeaguascalientes.online\/index.php?rest_route=\/wp\/v2\/posts"}],"about":[{"href":"https:\/\/informativoelvalledeaguascalientes.online\/index.php?rest_route=\/wp\/v2\/types\/post"}],"author":[{"embeddable":true,"href":"https:\/\/informativoelvalledeaguascalientes.online\/index.php?rest_route=\/wp\/v2\/users\/1"}],"replies":[{"embeddable":true,"href":"https:\/\/informativoelvalledeaguascalientes.online\/index.php?rest_route=%2Fwp%2Fv2%2Fcomments&post=10999"}],"version-history":[{"count":1,"href":"https:\/\/informativoelvalledeaguascalientes.online\/index.php?rest_route=\/wp\/v2\/posts\/10999\/revisions"}],"predecessor-version":[{"id":11001,"href":"https:\/\/informativoelvalledeaguascalientes.online\/index.php?rest_route=\/wp\/v2\/posts\/10999\/revisions\/11001"}],"wp:featuredmedia":[{"embeddable":true,"href":"https:\/\/informativoelvalledeaguascalientes.online\/index.php?rest_route=\/wp\/v2\/media\/11000"}],"wp:attachment":[{"href":"https:\/\/informativoelvalledeaguascalientes.online\/index.php?rest_route=%2Fwp%2Fv2%2Fmedia&parent=10999"}],"wp:term":[{"taxonomy":"category","embeddable":true,"href":"https:\/\/informativoelvalledeaguascalientes.online\/index.php?rest_route=%2Fwp%2Fv2%2Fcategories&post=10999"},{"taxonomy":"post_tag","embeddable":true,"href":"https:\/\/informativoelvalledeaguascalientes.online\/index.php?rest_route=%2Fwp%2Fv2%2Ftags&post=10999"}],"curies":[{"name":"wp","href":"https:\/\/api.w.org\/{rel}","templated":true}]}}