{"id":10948,"date":"2020-09-01T16:58:06","date_gmt":"2020-09-01T22:58:06","guid":{"rendered":"https:\/\/informativoelvalledeaguascalientes.online\/?p=10948"},"modified":"2020-09-01T16:58:06","modified_gmt":"2020-09-01T22:58:06","slug":"con-entrega-de-premios-clausuro-tere-jimenez-las-actividades-del-mes-de-la-juventud","status":"publish","type":"post","link":"https:\/\/informativoelvalledeaguascalientes.online\/?p=10948","title":{"rendered":"CON ENTREGA DE PREMIOS CLAUSUR\u00d3 TERE JIM\u00c9NEZ LAS ACTIVIDADES DEL MES DE LA JUVENTUD"},"content":{"rendered":"<div class=\"opinion-section opinion-single-cover opinion-indent opinion-overlay\">\n<div class=\"container\">\n<div class=\"section-head row justify-content-center text-center\"><\/div>\n<\/div>\n<\/div>\n<div class=\"opinion-section\">\n<div class=\"container\">\n<div class=\"section-content row justify-content-center\">\n<div class=\"col-12 col-lg-8 opinion-order-1\">\n<article class=\"opinion-post opinion-single post-20023 post type-post status-publish format-standard has-post-thumbnail hentry category-imjuva tag-alcaldesa-tere-jimenez tag-imjuva tag-imjuva-glam-shine tag-imjuvagamer tag-imjuvatlon tag-noemi-herrada-campos tag-premio-municipal-de-la-juventud-2020\">\n<div class=\"entry-content\">\n<ul>\n<li><strong>M\u00e1s de 40 j\u00f3venes triunfaron en el IMJUVA Glam Shine, IMJUVATLON, IMJUVAGAMER y Premio Municipal de la Juventud<\/strong><\/li>\n<\/ul>\n<p>La alcaldesa\u00a0<strong>Tere Jim\u00e9nez<\/strong>\u00a0clausur\u00f3 las actividades conmemorativas al Mes de la Juventud que se desarrollaron durante agosto, entregando premios a m\u00e1s de 40 j\u00f3venes triunfadores del IMJUVATLON, IMJUVAGAMER, IMJUVA Glam Shine y Premio Municipal de la Juventud, reconociendo as\u00ed el talento y entusiasmo en los que con diferentes proyectos trabajan por un mejor Aguascalientes.<\/p>\n<p><strong>Tere Jim\u00e9nez<\/strong>\u00a0dirigi\u00f3 un mensaje a los j\u00f3venes motiv\u00e1ndoles a seguir triunfando y a hacer realidad cada sue\u00f1o y meta que se propongan en la vida. Les manifest\u00f3 su admiraci\u00f3n porque han demostrado que la edad no es un impedimento para triunfar y aprovechar su talento y habilidades para salir adelante y ayudar a m\u00e1s personas.<\/p>\n<p>Dijo que conjuntamente con la directora del Instituto Municipal de la Juventud de Aguascalientes (IMJUVA),\u00a0<strong>Noemi Herrada Campos<\/strong>, seguir\u00e1 impulsando proyectos a favor de este importante sector social.<\/p>\n<p><strong>\u00a0<\/strong>Como ganadores de los primeros lugares se encuentran:<\/p>\n<ul>\n<li><strong>Luis Miguel Salazar Casta\u00f1eda.\u00a0<\/strong>Primer Lugar IMJUVAGAMER<\/li>\n<li><strong>Mar\u00eda Fernanda Mart\u00ednez Carrillo.\u00a0<\/strong>Primer Lugar IMJUVA Glam Shine<\/li>\n<\/ul>\n<p>Equipo \u00c1guilas, ganador Primer Lugar IMJUVATLON:<\/p>\n<ul>\n<li><strong>Alfredo Emmanuel Ocegueda Garc\u00eda\u00a0<\/strong><\/li>\n<li><strong>Alejandra Del Carmen Gallegos Hern\u00e1ndez\u00a0<\/strong><\/li>\n<li><strong>Enid Famitsai Amat\u00f3n Mel\u00e9ndez\u00a0<\/strong><\/li>\n<li><strong>\u00cdan Donnet\u00a0 Jim\u00e9nez Salda\u00f1a\u00a0<\/strong><\/li>\n<li><strong>Estefany Vanessa Olivares Rodr\u00edguez\u00a0<\/strong><\/li>\n<\/ul>\n<p>Premio Municipal de la Juventud:<\/p>\n<ul>\n<li><strong>Diana Margareth Oropeza Garc\u00eda.\u00a0<\/strong>Categor\u00eda Impacto Social y Cuidado del medio Ambiente.<\/li>\n<li><strong>Mario Alberto Orozco G\u00f3mez.\u00a0<\/strong>Categor\u00eda Expresiones Art\u00edsticas y Culturales<\/li>\n<li><strong>Rogelio Zaid Sari\u00f1aga Hern\u00e1ndez.\u00a0<\/strong>Categor\u00eda Innovaci\u00f3n Emprendedora<\/li>\n<li><strong>Daniela Fernanda Gonz\u00e1lez Ch\u00e1vez.\u00a0<\/strong>Categor\u00eda Habilidades Cient\u00edficas y Tecnol\u00f3gicas<\/li>\n<li><strong>H\u00e9ctor Iv\u00e1n Flores Rodr\u00edguez.\u00a0<\/strong>Categor\u00eda Logro Acad\u00e9mico<\/li>\n<\/ul>\n<\/div>\n<\/article>\n<\/div>\n<\/div>\n<\/div>\n<\/div>\n","protected":false},"excerpt":{"rendered":"<p>M\u00e1s de 40 j\u00f3venes triunfaron en el IMJUVA Glam Shine, IMJUVATLON, IMJUVAGAMER y Premio Municipal de la Juventud La alcaldesa\u00a0Tere Jim\u00e9nez\u00a0clausur\u00f3 las actividades conmemorativas al Mes de la Juventud que se desarrollaron durante agosto, entregando premios a m\u00e1s de 40 j\u00f3venes triunfadores del IMJUVATLON, IMJUVAGAMER, IMJUVA Glam Shine y Premio Municipal de la Juventud, reconociendo [&hellip;]<\/p>\n","protected":false},"author":1,"featured_media":10949,"comment_status":"closed","ping_status":"open","sticky":false,"template":"","format":"standard","meta":{"advanced_seo_description":"","jetpack_seo_html_title":"","jetpack_seo_noindex":false,"_jetpack_memberships_contains_paid_content":false,"footnotes":"","jetpack_publicize_message":"","jetpack_publicize_feature_enabled":true,"jetpack_social_post_already_shared":true,"jetpack_social_options":{"image_generator_settings":{"template":"highway","default_image_id":0,"font":"","enabled":false},"version":2}},"categories":[21,3],"tags":[22,25],"class_list":["post-10948","post","type-post","status-publish","format-standard","has-post-thumbnail","hentry","category-aguascalientes","category-municipio-aguascalientes","tag-aguascalientes","tag-mpio-aguascalientes"],"jetpack_publicize_connections":[],"jetpack_featured_media_url":"https:\/\/i0.wp.com\/informativoelvalledeaguascalientes.online\/wp-content\/uploads\/2020\/09\/mpio_ags_01092020.jpg?fit=1024%2C683&ssl=1","jetpack-related-posts":[],"jetpack_sharing_enabled":true,"jetpack_likes_enabled":true,"_links":{"self":[{"href":"https:\/\/informativoelvalledeaguascalientes.online\/index.php?rest_route=\/wp\/v2\/posts\/10948","targetHints":{"allow":["GET"]}}],"collection":[{"href":"https:\/\/informativoelvalledeaguascalientes.online\/index.php?rest_route=\/wp\/v2\/posts"}],"about":[{"href":"https:\/\/informativoelvalledeaguascalientes.online\/index.php?rest_route=\/wp\/v2\/types\/post"}],"author":[{"embeddable":true,"href":"https:\/\/informativoelvalledeaguascalientes.online\/index.php?rest_route=\/wp\/v2\/users\/1"}],"replies":[{"embeddable":true,"href":"https:\/\/informativoelvalledeaguascalientes.online\/index.php?rest_route=%2Fwp%2Fv2%2Fcomments&post=10948"}],"version-history":[{"count":1,"href":"https:\/\/informativoelvalledeaguascalientes.online\/index.php?rest_route=\/wp\/v2\/posts\/10948\/revisions"}],"predecessor-version":[{"id":10950,"href":"https:\/\/informativoelvalledeaguascalientes.online\/index.php?rest_route=\/wp\/v2\/posts\/10948\/revisions\/10950"}],"wp:featuredmedia":[{"embeddable":true,"href":"https:\/\/informativoelvalledeaguascalientes.online\/index.php?rest_route=\/wp\/v2\/media\/10949"}],"wp:attachment":[{"href":"https:\/\/informativoelvalledeaguascalientes.online\/index.php?rest_route=%2Fwp%2Fv2%2Fmedia&parent=10948"}],"wp:term":[{"taxonomy":"category","embeddable":true,"href":"https:\/\/informativoelvalledeaguascalientes.online\/index.php?rest_route=%2Fwp%2Fv2%2Fcategories&post=10948"},{"taxonomy":"post_tag","embeddable":true,"href":"https:\/\/informativoelvalledeaguascalientes.online\/index.php?rest_route=%2Fwp%2Fv2%2Ftags&post=10948"}],"curies":[{"name":"wp","href":"https:\/\/api.w.org\/{rel}","templated":true}]}}