{"id":10892,"date":"2020-08-31T22:19:49","date_gmt":"2020-09-01T04:19:49","guid":{"rendered":"https:\/\/informativoelvalledeaguascalientes.online\/?p=10892"},"modified":"2020-08-31T22:19:49","modified_gmt":"2020-09-01T04:19:49","slug":"el-diputado-memo-alaniz-confirmo-que-este-jueves-3-de-septiembre-el-periodo-extraordinario-de-sesiones-estara-dedicado-en-su-mayoria-a-abordar-temas-de-salud-publica","status":"publish","type":"post","link":"https:\/\/informativoelvalledeaguascalientes.online\/?p=10892","title":{"rendered":"El diputado Memo Alaniz,\u00a0 confirmo que este jueves 3 de Septiembre el periodo extraordinario de sesiones estar\u00e1 dedicado en su mayor\u00eda a abordar temas de salud p\u00fablica"},"content":{"rendered":"<p style=\"font-weight: 400;\">El periodo extraordinario de sesiones que se va a desarrollar este jueves estar\u00e1 dedicado en su mayor\u00eda a abordar temas de salud p\u00fablica, confirm\u00f3 el Presidente de la Junta de Coordinaci\u00f3n Pol\u00edtica (JUCOPO) Juan Guillermo Alaniz de Le\u00f3n.<\/p>\n<p style=\"font-weight: 400;\">\n<p style=\"font-weight: 400;\">&#8220;En estos momentos, la salud es un tema que exige atenci\u00f3n inmediata, tanto por el coronavirus como por cualquier otra enfermedad, y adem\u00e1s, la salud es algo con lo que no se juega, es una prioridad&#8221; manifest\u00f3 al respecto.<\/p>\n<p style=\"font-weight: 400;\">\n<p style=\"font-weight: 400;\">Asimismo, Alaniz de Le\u00f3n detall\u00f3 que otros de los temas que se abordar\u00e1n ser\u00e1n de Educaci\u00f3n, Protecci\u00f3n de los Derechos de Ni\u00f1as, Ni\u00f1os y Adolescentes, Desarrollo Social y Movilidad.<\/p>\n<p style=\"font-weight: 400;\">\n<p style=\"font-weight: 400;\">Finalmente, recalc\u00f3 que todos los dict\u00e1menes que ser\u00e1n analizados fueron presentados por diputadas y diputados de todos los grupos parlamentarios al interior del Congreso del Estado.<\/p>\n<p style=\"font-weight: 400;\">\n<p style=\"font-weight: 400;\">\n","protected":false},"excerpt":{"rendered":"<p>El periodo extraordinario de sesiones que se va a desarrollar este jueves estar\u00e1 dedicado en su mayor\u00eda a abordar temas de salud p\u00fablica, confirm\u00f3 el Presidente de la Junta de Coordinaci\u00f3n Pol\u00edtica (JUCOPO) Juan Guillermo Alaniz de Le\u00f3n. &#8220;En estos momentos, la salud es un tema que exige atenci\u00f3n inmediata, tanto por el coronavirus como [&hellip;]<\/p>\n","protected":false},"author":1,"featured_media":3171,"comment_status":"closed","ping_status":"open","sticky":false,"template":"","format":"standard","meta":{"advanced_seo_description":"","jetpack_seo_html_title":"","jetpack_seo_noindex":false,"_jetpack_memberships_contains_paid_content":false,"footnotes":"","jetpack_publicize_message":"","jetpack_publicize_feature_enabled":true,"jetpack_social_post_already_shared":true,"jetpack_social_options":{"image_generator_settings":{"template":"highway","default_image_id":0,"font":"","enabled":false},"version":2}},"categories":[21,5,7],"tags":[22,44],"class_list":["post-10892","post","type-post","status-publish","format-standard","has-post-thumbnail","hentry","category-aguascalientes","category-h-congreso-del-estado-aguascalientes","category-pan-aguascalientes","tag-aguascalientes","tag-lxiv-legislatura-aguascalientes"],"jetpack_publicize_connections":[],"jetpack_featured_media_url":"https:\/\/i0.wp.com\/informativoelvalledeaguascalientes.online\/wp-content\/uploads\/2020\/02\/memo_osfags_.jpg?fit=640%2C582&ssl=1","jetpack-related-posts":[],"jetpack_sharing_enabled":true,"jetpack_likes_enabled":true,"_links":{"self":[{"href":"https:\/\/informativoelvalledeaguascalientes.online\/index.php?rest_route=\/wp\/v2\/posts\/10892","targetHints":{"allow":["GET"]}}],"collection":[{"href":"https:\/\/informativoelvalledeaguascalientes.online\/index.php?rest_route=\/wp\/v2\/posts"}],"about":[{"href":"https:\/\/informativoelvalledeaguascalientes.online\/index.php?rest_route=\/wp\/v2\/types\/post"}],"author":[{"embeddable":true,"href":"https:\/\/informativoelvalledeaguascalientes.online\/index.php?rest_route=\/wp\/v2\/users\/1"}],"replies":[{"embeddable":true,"href":"https:\/\/informativoelvalledeaguascalientes.online\/index.php?rest_route=%2Fwp%2Fv2%2Fcomments&post=10892"}],"version-history":[{"count":1,"href":"https:\/\/informativoelvalledeaguascalientes.online\/index.php?rest_route=\/wp\/v2\/posts\/10892\/revisions"}],"predecessor-version":[{"id":10893,"href":"https:\/\/informativoelvalledeaguascalientes.online\/index.php?rest_route=\/wp\/v2\/posts\/10892\/revisions\/10893"}],"wp:featuredmedia":[{"embeddable":true,"href":"https:\/\/informativoelvalledeaguascalientes.online\/index.php?rest_route=\/wp\/v2\/media\/3171"}],"wp:attachment":[{"href":"https:\/\/informativoelvalledeaguascalientes.online\/index.php?rest_route=%2Fwp%2Fv2%2Fmedia&parent=10892"}],"wp:term":[{"taxonomy":"category","embeddable":true,"href":"https:\/\/informativoelvalledeaguascalientes.online\/index.php?rest_route=%2Fwp%2Fv2%2Fcategories&post=10892"},{"taxonomy":"post_tag","embeddable":true,"href":"https:\/\/informativoelvalledeaguascalientes.online\/index.php?rest_route=%2Fwp%2Fv2%2Ftags&post=10892"}],"curies":[{"name":"wp","href":"https:\/\/api.w.org\/{rel}","templated":true}]}}