{"id":10872,"date":"2020-08-31T21:02:32","date_gmt":"2020-09-01T03:02:32","guid":{"rendered":"https:\/\/informativoelvalledeaguascalientes.online\/?p=10872"},"modified":"2020-08-31T21:02:32","modified_gmt":"2020-09-01T03:02:32","slug":"iea-responde-solicitud-del-prd-sobre-campana-abramos-el-internet","status":"publish","type":"post","link":"https:\/\/informativoelvalledeaguascalientes.online\/?p=10872","title":{"rendered":"IEA responde solicitud del PRD sobre campa\u00f1a &#8220;Abramos el Internet&#8221;\u00a0"},"content":{"rendered":"<p>&nbsp;<\/p>\n<ul>\n<li><b><i> PRD invita a unirse a la campa\u00f1a con donativos de equipos de c\u00f3mputo o dispositivos m\u00f3viles para estudiantes en situaci\u00f3n vulnerable.\u00a0<\/i><\/b><\/li>\n<\/ul>\n<p><span style=\"font-weight: 400;\">A casi una semana de haberse solicitado desde el PRD Aguascalientes al Gobierno del Estado, abrir al p\u00fablico el Internet de las escuelas y edificios gubernamentales, celebramos que el Instituto de Educaci\u00f3n anunciara que estudiantes de preescolar, primaria, secundaria y telebachillerato comunitario, as\u00ed como madres, padres y tutores, tendr\u00e1n acceso al internet de los planteles escolares con tan s\u00f3lo pedir la contrase\u00f1a de la red a las autoridades directivas. &#8220;Sabemos que la situaci\u00f3n econ\u00f3mica actual se ha complicado con el arranque del ciclo escolar 2020-2021 en el formato a distancia, por lo cual consideramos necesario cerrar filas entre gobierno, sociedad e instituciones pol\u00edticas a fin de darle a las ni\u00f1as, ni\u00f1os y j\u00f3venes un acceso igualitario a la educaci\u00f3n&#8221;, subray\u00f3 el dirigente estatal, Iv\u00e1n S\u00e1nchez N\u00e1jera.<\/span><\/p>\n<p><span style=\"font-weight: 400;\"> De esta manera se hace un llamado a la poblaci\u00f3n en general a que si no cuentan con conexi\u00f3n a internet en sus hogares, soliciten a los directivos de las escuelas la clave de la red para que sus hijas e hijos puedan realizar sus actividades acad\u00e9micas en l\u00ednea. Y en caso de no recibirla o de que la se\u00f1al sea muy ineficiente, reportarlo de inmediato al plantel o bien al propio IEA. <\/span><\/p>\n<p><span style=\"font-weight: 400;\">Asimismo el PRD invita a las empresas, asociaciones, e instituciones de educaci\u00f3n superior as\u00ed como a la sociedad en general a sumarse a la donaci\u00f3n de tel\u00e9fonos celulares, tabletas o computadoras en buen estado, dirigi\u00e9ndose con los trabajadores sociales de cualquier plantel educativo para que sea esta \u00e1rea la encargada de identificar a familias con mayor vulnerabilidad econ\u00f3mica. Adem\u00e1s de hacer p\u00fablica su red WiFi y as\u00ed apoyar a otras familias. Una parte de la iniciativa ya fue atendida por el Instituto de Educaci\u00f3n, ahora es de vital importancia que esto trascienda en la sociedad para lograr una verdadera uni\u00f3n.\u00a0<\/span><\/p>\n","protected":false},"excerpt":{"rendered":"<p>&nbsp; PRD invita a unirse a la campa\u00f1a con donativos de equipos de c\u00f3mputo o dispositivos m\u00f3viles para estudiantes en situaci\u00f3n vulnerable.\u00a0 A casi una semana de haberse solicitado desde el PRD Aguascalientes al Gobierno del Estado, abrir al p\u00fablico el Internet de las escuelas y edificios gubernamentales, celebramos que el Instituto de Educaci\u00f3n anunciara [&hellip;]<\/p>\n","protected":false},"author":1,"featured_media":10689,"comment_status":"closed","ping_status":"open","sticky":false,"template":"","format":"standard","meta":{"advanced_seo_description":"","jetpack_seo_html_title":"","jetpack_seo_noindex":false,"_jetpack_memberships_contains_paid_content":false,"footnotes":"","jetpack_publicize_message":"","jetpack_publicize_feature_enabled":true,"jetpack_social_post_already_shared":true,"jetpack_social_options":{"image_generator_settings":{"template":"highway","default_image_id":0,"font":"","enabled":false},"version":2}},"categories":[21,4,8],"tags":[22,39,79],"class_list":["post-10872","post","type-post","status-publish","format-standard","has-post-thumbnail","hentry","category-aguascalientes","category-gobierno-del-estado-aguascalientes","category-prd-aguascalientes","tag-aguascalientes","tag-iea","tag-prd"],"jetpack_publicize_connections":[],"jetpack_featured_media_url":"https:\/\/i0.wp.com\/informativoelvalledeaguascalientes.online\/wp-content\/uploads\/2020\/08\/Campa%C3%B1aAbraMOSelInternet.jpeg?fit=1280%2C1280&ssl=1","jetpack-related-posts":[],"jetpack_sharing_enabled":true,"jetpack_likes_enabled":true,"_links":{"self":[{"href":"https:\/\/informativoelvalledeaguascalientes.online\/index.php?rest_route=\/wp\/v2\/posts\/10872","targetHints":{"allow":["GET"]}}],"collection":[{"href":"https:\/\/informativoelvalledeaguascalientes.online\/index.php?rest_route=\/wp\/v2\/posts"}],"about":[{"href":"https:\/\/informativoelvalledeaguascalientes.online\/index.php?rest_route=\/wp\/v2\/types\/post"}],"author":[{"embeddable":true,"href":"https:\/\/informativoelvalledeaguascalientes.online\/index.php?rest_route=\/wp\/v2\/users\/1"}],"replies":[{"embeddable":true,"href":"https:\/\/informativoelvalledeaguascalientes.online\/index.php?rest_route=%2Fwp%2Fv2%2Fcomments&post=10872"}],"version-history":[{"count":1,"href":"https:\/\/informativoelvalledeaguascalientes.online\/index.php?rest_route=\/wp\/v2\/posts\/10872\/revisions"}],"predecessor-version":[{"id":10873,"href":"https:\/\/informativoelvalledeaguascalientes.online\/index.php?rest_route=\/wp\/v2\/posts\/10872\/revisions\/10873"}],"wp:featuredmedia":[{"embeddable":true,"href":"https:\/\/informativoelvalledeaguascalientes.online\/index.php?rest_route=\/wp\/v2\/media\/10689"}],"wp:attachment":[{"href":"https:\/\/informativoelvalledeaguascalientes.online\/index.php?rest_route=%2Fwp%2Fv2%2Fmedia&parent=10872"}],"wp:term":[{"taxonomy":"category","embeddable":true,"href":"https:\/\/informativoelvalledeaguascalientes.online\/index.php?rest_route=%2Fwp%2Fv2%2Fcategories&post=10872"},{"taxonomy":"post_tag","embeddable":true,"href":"https:\/\/informativoelvalledeaguascalientes.online\/index.php?rest_route=%2Fwp%2Fv2%2Ftags&post=10872"}],"curies":[{"name":"wp","href":"https:\/\/api.w.org\/{rel}","templated":true}]}}