{"id":10862,"date":"2020-08-31T20:42:11","date_gmt":"2020-09-01T02:42:11","guid":{"rendered":"https:\/\/informativoelvalledeaguascalientes.online\/?p=10862"},"modified":"2020-08-31T20:42:11","modified_gmt":"2020-09-01T02:42:11","slug":"llegan-a-la-entidad-ambulancias-equipadas-para-atender-a-pacientes-covid-19","status":"publish","type":"post","link":"https:\/\/informativoelvalledeaguascalientes.online\/?p=10862","title":{"rendered":"LLEGAN A LA ENTIDAD AMBULANCIAS EQUIPADAS PARA ATENDER A PACIENTES COVID-19"},"content":{"rendered":"<p dir=\"ltr\"><strong>\u25cf Ser\u00e1n utilizadas exclusivamente para el traslado de pacientes que requieren atenci\u00f3n hospitalaria.<\/strong><\/p>\n<p dir=\"ltr\"><strong>\u25cf Cuentan con ventilador, espacios para tanques de ox\u00edgeno, as\u00ed como con todas las especificaciones de seguridad y tecnolog\u00eda\u00a0<\/strong><\/p>\n<p dir=\"ltr\">Para fortalecer el equipamiento en materia de salud, as\u00ed como para apoyar al personal m\u00e9dico que diariamente trabaja en la atenci\u00f3n de la emergencia sanitaria, el gobernador Mart\u00edn Orozco Sandoval entreg\u00f3 tres ambulancias con equipo especializado y sistemas de alta tecnolog\u00eda, mismas que ser\u00e1n utilizadas exclusivamente para el traslado de pacientes de COVID-19.<\/p>\n<p dir=\"ltr\">Acompa\u00f1ado del SEcretario de Salud, Miguel Angel Piza Jim\u00e9nez, el mandatario estatal se\u00f1al\u00f3 que a pesar de que se cuenta con los insumos necesarios, su gobierno no ha escatimado recursos para garantizar una atenci\u00f3n oportuna y de calidad para las y los aguascalentenses; es por ello que en estos veh\u00edculos se invirtieron cuatro millones de pesos del erario estatal.<\/p>\n<p dir=\"ltr\">Explic\u00f3 que dos de las unidades est\u00e1n equipadas para atender urgencias avanzadas, con espacios especiales para ox\u00edgeno, ventiladores y monitores; adem\u00e1s de que se adquirieron especialmente c\u00e1psulas para el traslado de pacientes COVID, para que cumplan con las necesidades de aislamiento.<\/p>\n<p dir=\"ltr\">Por \u00faltimo, el gobernador enfatiz\u00f3 que la Secretar\u00eda de Salud est\u00e1 haciendo todo lo necesario para hacer frente a la pandemia, y reiter\u00f3 la necesidad de que la poblaci\u00f3n participe con las medidas preventivas para que exista un frente com\u00fan en el combate a la pandemia.<\/p>\n<p dir=\"ltr\">El coordinador general del Sistema Estatal de Emergencias M\u00e9dicas del ISSEA, Luis Ignacio Romo declar\u00f3 que gracias al gobernador fue posible la llegada de las ambulancias, las cuales cuentan con todas las normatividades de seguridad de acuerdo a la Norma Oficial Mexicana 034.<\/p>\n<p dir=\"ltr\">Detall\u00f3 que cuentan con se\u00f1ales sonoras, luminosas, sensores de proximidad, c\u00e1mara de reversa, as\u00ed como todas las consideraciones de seguridad tanto para el personal, como para los pacientes. Resalt\u00f3 que son unidades de urgencias avanzadas con alta tecnolog\u00eda, dotadas de un monitor, desfibrilador y ventilador autom\u00e1tico.<\/p>\n","protected":false},"excerpt":{"rendered":"<p>\u25cf Ser\u00e1n utilizadas exclusivamente para el traslado de pacientes que requieren atenci\u00f3n hospitalaria. \u25cf Cuentan con ventilador, espacios para tanques de ox\u00edgeno, as\u00ed como con todas las especificaciones de seguridad y tecnolog\u00eda\u00a0 Para fortalecer el equipamiento en materia de salud, as\u00ed como para apoyar al personal m\u00e9dico que diariamente trabaja en la atenci\u00f3n de la [&hellip;]<\/p>\n","protected":false},"author":1,"featured_media":10863,"comment_status":"closed","ping_status":"open","sticky":false,"template":"","format":"standard","meta":{"advanced_seo_description":"","jetpack_seo_html_title":"","jetpack_seo_noindex":false,"_jetpack_memberships_contains_paid_content":false,"footnotes":"","jetpack_publicize_message":"","jetpack_publicize_feature_enabled":true,"jetpack_social_post_already_shared":true,"jetpack_social_options":{"image_generator_settings":{"template":"highway","default_image_id":0,"font":"","enabled":false},"version":2}},"categories":[21,4],"tags":[22,30,31,101],"class_list":["post-10862","post","type-post","status-publish","format-standard","has-post-thumbnail","hentry","category-aguascalientes","category-gobierno-del-estado-aguascalientes","tag-aguascalientes","tag-issea","tag-mos","tag-mos-issea"],"jetpack_publicize_connections":[],"jetpack_featured_media_url":"https:\/\/i0.wp.com\/informativoelvalledeaguascalientes.online\/wp-content\/uploads\/2020\/08\/WhatsApp-Image-2020-08-31-at-12.33.28-PM-2.jpeg?fit=1280%2C853&ssl=1","jetpack-related-posts":[],"jetpack_sharing_enabled":true,"jetpack_likes_enabled":true,"_links":{"self":[{"href":"https:\/\/informativoelvalledeaguascalientes.online\/index.php?rest_route=\/wp\/v2\/posts\/10862","targetHints":{"allow":["GET"]}}],"collection":[{"href":"https:\/\/informativoelvalledeaguascalientes.online\/index.php?rest_route=\/wp\/v2\/posts"}],"about":[{"href":"https:\/\/informativoelvalledeaguascalientes.online\/index.php?rest_route=\/wp\/v2\/types\/post"}],"author":[{"embeddable":true,"href":"https:\/\/informativoelvalledeaguascalientes.online\/index.php?rest_route=\/wp\/v2\/users\/1"}],"replies":[{"embeddable":true,"href":"https:\/\/informativoelvalledeaguascalientes.online\/index.php?rest_route=%2Fwp%2Fv2%2Fcomments&post=10862"}],"version-history":[{"count":1,"href":"https:\/\/informativoelvalledeaguascalientes.online\/index.php?rest_route=\/wp\/v2\/posts\/10862\/revisions"}],"predecessor-version":[{"id":10864,"href":"https:\/\/informativoelvalledeaguascalientes.online\/index.php?rest_route=\/wp\/v2\/posts\/10862\/revisions\/10864"}],"wp:featuredmedia":[{"embeddable":true,"href":"https:\/\/informativoelvalledeaguascalientes.online\/index.php?rest_route=\/wp\/v2\/media\/10863"}],"wp:attachment":[{"href":"https:\/\/informativoelvalledeaguascalientes.online\/index.php?rest_route=%2Fwp%2Fv2%2Fmedia&parent=10862"}],"wp:term":[{"taxonomy":"category","embeddable":true,"href":"https:\/\/informativoelvalledeaguascalientes.online\/index.php?rest_route=%2Fwp%2Fv2%2Fcategories&post=10862"},{"taxonomy":"post_tag","embeddable":true,"href":"https:\/\/informativoelvalledeaguascalientes.online\/index.php?rest_route=%2Fwp%2Fv2%2Ftags&post=10862"}],"curies":[{"name":"wp","href":"https:\/\/api.w.org\/{rel}","templated":true}]}}