{"id":10859,"date":"2020-08-31T20:35:19","date_gmt":"2020-09-01T02:35:19","guid":{"rendered":"https:\/\/informativoelvalledeaguascalientes.online\/?p=10859"},"modified":"2020-08-31T20:35:19","modified_gmt":"2020-09-01T02:35:19","slug":"gasto-ineficiente-del-gobierno-federal-comprometera-finanzas-de-los-estados-en-2021-senala-fernando-herrera","status":"publish","type":"post","link":"https:\/\/informativoelvalledeaguascalientes.online\/?p=10859","title":{"rendered":"GASTO INEFICIENTE DEL GOBIERNO FEDERAL COMPROMETER\u00c1 FINANZAS DE LOS ESTADOS EN 2021, SE\u00d1ALA FERNANDO HERRERA"},"content":{"rendered":"<ul>\n<li style=\"font-weight: 400;\"><strong>Lo anterior ante el agotamiento del Fondo de Estabilizaci\u00f3n de los Ingresos de las Entidades Federativas (FEIEF).<\/strong><\/li>\n<li style=\"font-weight: 400;\"><strong>Aguascalientes se quedar\u00e1 sin recursos para hacer frente a cualquier situaci\u00f3n extraordinaria como un repunte de la pandemia de Covid19, en 2021.<\/strong><\/li>\n<\/ul>\n<p style=\"font-weight: 400;\">\n<p style=\"font-weight: 400;\"><strong>\u00a0<\/strong><\/p>\n<p style=\"font-weight: 400;\">Ante el anuncio del Secretario de Hacienda, Arturo Herrera, sobre el agotamiento del Fondo de Estabilizaci\u00f3n de los Ingresos de las Entidades Federativas (FEIEF) que experimentar\u00e1 el pa\u00eds este a\u00f1o, Fernando Herrera dijo que el gasto ineficiente del gobierno federal comprometer\u00e1 seriamente las finanzas de los estados en 2021.<\/p>\n<p style=\"font-weight: 400;\">\n<p style=\"font-weight: 400;\">El Vocero Nacional del PAN dijo que los pron\u00f3sticos sobre la ca\u00edda de la econom\u00eda han rebasado a la administraci\u00f3n de L\u00f3pez Obrador y prueba de ello\u00a0son las declaraciones del titular de Hacienda, quien ya confirm\u00f3 la severa crisis que se avecina.<\/p>\n<p style=\"font-weight: 400;\">\n<p style=\"font-weight: 400;\">Con la ca\u00edda del PIB, que se estima en cuando menos -9.5% en el segundo semestre del a\u00f1o y los pron\u00f3sticos de lenta recuperaci\u00f3n para el 2021, se calcula que al menos 16 millones de personas se sumar\u00e1n a las filas de la pobreza y que entidades como Chiapas, Veracruz y el Estado de M\u00e9xico, son aquellas donde m\u00e1s incrementar\u00e1 esta condici\u00f3n, dijo.<\/p>\n<p style=\"font-weight: 400;\">\n<p style=\"font-weight: 400;\">Herrera \u00c1vila precis\u00f3 que si bien Aguascalientes y otras entidades del Baj\u00edo podr\u00e1n resistir la ca\u00edda de las finanzas nacionales, por sus condiciones estructurales, la entidad se quedar\u00e1 sin recursos para hacer frente a cualquier situaci\u00f3n extraordinaria como un repunte de la pandemia de Covid19.<\/p>\n<p style=\"font-weight: 400;\">\n<p style=\"font-weight: 400;\">\u201cEl gobierno de L\u00f3pez Obrador ha gastado mucho y ha gastado mal. El despilfarro de recursos en programas clientelares y en obras que no representan ning\u00fan beneficio para el pa\u00eds, comprometer\u00e1 seriamente las finanzas de los estados y los municipios en los pr\u00f3ximos meses\u201d.<\/p>\n<p style=\"font-weight: 400;\">\n<p style=\"font-weight: 400;\">\u201cHay que decirlo con todas sus letras, Aguascalientes no ha ganado nada con este gobierno. Al presidente L\u00f3pez Obrador no le importa lo que pasa aqu\u00ed. Por eso debemos ser conscientes, prepararnos y reconocer que nos tocar\u00e1 rascarnos con nuestras propias u\u00f1as el pr\u00f3ximo a\u00f1o\u201d, expres\u00f3.<\/p>\n<p style=\"font-weight: 400;\">Fernando Herrera record\u00f3 que apenas en el primer semestre de este a\u00f1o, se liberaron 21 mil millones de pesos del FEIEF para las entidades, lo que representa apenas el 33.1 por ciento del total de los recursos que componen el fondo.<\/p>\n<p style=\"font-weight: 400;\">\n<p style=\"font-weight: 400;\">Sin embargo, dijo, el presidente L\u00f3pez Obrador sigue sin atender las se\u00f1ales de alerta, incluso de su propio Secretario de Hacienda, y terminar\u00e1 por agotar todos los fideicomisos, agravando a\u00fan m\u00e1s el escenario econ\u00f3mico.<\/p>\n<p style=\"font-weight: 400;\">\n<p style=\"font-weight: 400;\">El aguascalentense record\u00f3 que el Fondo de Estabilizaci\u00f3n de los Ingresos de las Entidades Federativas se cre\u00f3 en 2006, durante el gobierno de Felipe Calder\u00f3n, con los recursos de los ingresos petroleros excedentes de los \u00faltimos 10 a\u00f1os y su finalidad es servir como \u201ccolch\u00f3n\u201d para las finanzas de los estados, en \u00e9pocas de crisis.<\/p>\n<p style=\"font-weight: 400;\">\n<p style=\"font-weight: 400;\">\u201cEl gobierno de L\u00f3pez Obrador, como bien dice el Secretario de Hacienda, se acab\u00f3 todo. Los guardaditos, los fondos, los recursos excedentes; todo. Parece que es muy tarde para que reculen, porque los pron\u00f3sticos ya los rebasaron\u201d, apunt\u00f3.<\/p>\n<p style=\"font-weight: 400;\"><strong>\u00a0<\/strong><\/p>\n","protected":false},"excerpt":{"rendered":"<p>Lo anterior ante el agotamiento del Fondo de Estabilizaci\u00f3n de los Ingresos de las Entidades Federativas (FEIEF). Aguascalientes se quedar\u00e1 sin recursos para hacer frente a cualquier situaci\u00f3n extraordinaria como un repunte de la pandemia de Covid19, en 2021. \u00a0 Ante el anuncio del Secretario de Hacienda, Arturo Herrera, sobre el agotamiento del Fondo de [&hellip;]<\/p>\n","protected":false},"author":1,"featured_media":3363,"comment_status":"closed","ping_status":"open","sticky":false,"template":"","format":"standard","meta":{"advanced_seo_description":"","jetpack_seo_html_title":"","jetpack_seo_noindex":false,"_jetpack_memberships_contains_paid_content":false,"footnotes":"","jetpack_publicize_message":"","jetpack_publicize_feature_enabled":true,"jetpack_social_post_already_shared":true,"jetpack_social_options":{"image_generator_settings":{"template":"highway","default_image_id":0,"font":"","enabled":false},"version":2}},"categories":[21,7],"tags":[22,74,23,43],"class_list":["post-10859","post","type-post","status-publish","format-standard","has-post-thumbnail","hentry","category-aguascalientes","category-pan-aguascalientes","tag-aguascalientes","tag-fernando-herrera","tag-pan-aguascalientes","tag-pan-aguascalientes-cde"],"jetpack_publicize_connections":[],"jetpack_featured_media_url":"https:\/\/i0.wp.com\/informativoelvalledeaguascalientes.online\/wp-content\/uploads\/2020\/02\/FERNANDO-HERRERA.jpg?fit=585%2C390&ssl=1","jetpack-related-posts":[],"jetpack_sharing_enabled":true,"jetpack_likes_enabled":true,"_links":{"self":[{"href":"https:\/\/informativoelvalledeaguascalientes.online\/index.php?rest_route=\/wp\/v2\/posts\/10859","targetHints":{"allow":["GET"]}}],"collection":[{"href":"https:\/\/informativoelvalledeaguascalientes.online\/index.php?rest_route=\/wp\/v2\/posts"}],"about":[{"href":"https:\/\/informativoelvalledeaguascalientes.online\/index.php?rest_route=\/wp\/v2\/types\/post"}],"author":[{"embeddable":true,"href":"https:\/\/informativoelvalledeaguascalientes.online\/index.php?rest_route=\/wp\/v2\/users\/1"}],"replies":[{"embeddable":true,"href":"https:\/\/informativoelvalledeaguascalientes.online\/index.php?rest_route=%2Fwp%2Fv2%2Fcomments&post=10859"}],"version-history":[{"count":1,"href":"https:\/\/informativoelvalledeaguascalientes.online\/index.php?rest_route=\/wp\/v2\/posts\/10859\/revisions"}],"predecessor-version":[{"id":10860,"href":"https:\/\/informativoelvalledeaguascalientes.online\/index.php?rest_route=\/wp\/v2\/posts\/10859\/revisions\/10860"}],"wp:featuredmedia":[{"embeddable":true,"href":"https:\/\/informativoelvalledeaguascalientes.online\/index.php?rest_route=\/wp\/v2\/media\/3363"}],"wp:attachment":[{"href":"https:\/\/informativoelvalledeaguascalientes.online\/index.php?rest_route=%2Fwp%2Fv2%2Fmedia&parent=10859"}],"wp:term":[{"taxonomy":"category","embeddable":true,"href":"https:\/\/informativoelvalledeaguascalientes.online\/index.php?rest_route=%2Fwp%2Fv2%2Fcategories&post=10859"},{"taxonomy":"post_tag","embeddable":true,"href":"https:\/\/informativoelvalledeaguascalientes.online\/index.php?rest_route=%2Fwp%2Fv2%2Ftags&post=10859"}],"curies":[{"name":"wp","href":"https:\/\/api.w.org\/{rel}","templated":true}]}}