{"id":10853,"date":"2020-08-31T20:16:32","date_gmt":"2020-09-01T02:16:32","guid":{"rendered":"https:\/\/informativoelvalledeaguascalientes.online\/?p=10853"},"modified":"2020-08-31T20:16:32","modified_gmt":"2020-09-01T02:16:32","slug":"este-martes-tere-jimenez-presentara-nueva-estrategia-de-apoyo-al-comercio-local","status":"publish","type":"post","link":"https:\/\/informativoelvalledeaguascalientes.online\/?p=10853","title":{"rendered":"ESTE MARTES TERE JIM\u00c9NEZ PRESENTAR\u00c1 NUEVA ESTRATEGIA DE APOYO AL COMERCIO LOCAL"},"content":{"rendered":"<p>Este martes 1 de septiembre de 2020, quedar\u00e1 grabado en la historia de Aguascalientes; la alcaldesa\u00a0<strong>Tere Jim\u00e9nez<\/strong>\u00a0presentar\u00e1 la nueva plataforma virtual \u00abEME\u00bb, como una innovadora estrategia de apoyo y reactivaci\u00f3n de la econom\u00eda local.<\/p>\n<p>No te pierdas la transmisi\u00f3n en vivo del lanzamiento, este martes en punto de las 11:00 horas a trav\u00e9s de las redes sociales del Municipio de Aguascalientes.<\/p>\n","protected":false},"excerpt":{"rendered":"<p>Este martes 1 de septiembre de 2020, quedar\u00e1 grabado en la historia de Aguascalientes; la alcaldesa\u00a0Tere Jim\u00e9nez\u00a0presentar\u00e1 la nueva plataforma virtual \u00abEME\u00bb, como una innovadora estrategia de apoyo y reactivaci\u00f3n de la econom\u00eda local. No te pierdas la transmisi\u00f3n en vivo del lanzamiento, este martes en punto de las 11:00 horas a trav\u00e9s de las [&hellip;]<\/p>\n","protected":false},"author":1,"featured_media":10854,"comment_status":"closed","ping_status":"open","sticky":false,"template":"","format":"standard","meta":{"advanced_seo_description":"","jetpack_seo_html_title":"","jetpack_seo_noindex":false,"_jetpack_memberships_contains_paid_content":false,"footnotes":"","jetpack_publicize_message":"","jetpack_publicize_feature_enabled":true,"jetpack_social_post_already_shared":true,"jetpack_social_options":{"image_generator_settings":{"template":"highway","default_image_id":0,"font":"","enabled":false},"version":2}},"categories":[21,3],"tags":[22,25],"class_list":["post-10853","post","type-post","status-publish","format-standard","has-post-thumbnail","hentry","category-aguascalientes","category-municipio-aguascalientes","tag-aguascalientes","tag-mpio-aguascalientes"],"jetpack_publicize_connections":[],"jetpack_featured_media_url":"https:\/\/i0.wp.com\/informativoelvalledeaguascalientes.online\/wp-content\/uploads\/2020\/08\/fdfd.jpg?fit=537%2C539&ssl=1","jetpack-related-posts":[],"jetpack_sharing_enabled":true,"jetpack_likes_enabled":true,"_links":{"self":[{"href":"https:\/\/informativoelvalledeaguascalientes.online\/index.php?rest_route=\/wp\/v2\/posts\/10853","targetHints":{"allow":["GET"]}}],"collection":[{"href":"https:\/\/informativoelvalledeaguascalientes.online\/index.php?rest_route=\/wp\/v2\/posts"}],"about":[{"href":"https:\/\/informativoelvalledeaguascalientes.online\/index.php?rest_route=\/wp\/v2\/types\/post"}],"author":[{"embeddable":true,"href":"https:\/\/informativoelvalledeaguascalientes.online\/index.php?rest_route=\/wp\/v2\/users\/1"}],"replies":[{"embeddable":true,"href":"https:\/\/informativoelvalledeaguascalientes.online\/index.php?rest_route=%2Fwp%2Fv2%2Fcomments&post=10853"}],"version-history":[{"count":1,"href":"https:\/\/informativoelvalledeaguascalientes.online\/index.php?rest_route=\/wp\/v2\/posts\/10853\/revisions"}],"predecessor-version":[{"id":10855,"href":"https:\/\/informativoelvalledeaguascalientes.online\/index.php?rest_route=\/wp\/v2\/posts\/10853\/revisions\/10855"}],"wp:featuredmedia":[{"embeddable":true,"href":"https:\/\/informativoelvalledeaguascalientes.online\/index.php?rest_route=\/wp\/v2\/media\/10854"}],"wp:attachment":[{"href":"https:\/\/informativoelvalledeaguascalientes.online\/index.php?rest_route=%2Fwp%2Fv2%2Fmedia&parent=10853"}],"wp:term":[{"taxonomy":"category","embeddable":true,"href":"https:\/\/informativoelvalledeaguascalientes.online\/index.php?rest_route=%2Fwp%2Fv2%2Fcategories&post=10853"},{"taxonomy":"post_tag","embeddable":true,"href":"https:\/\/informativoelvalledeaguascalientes.online\/index.php?rest_route=%2Fwp%2Fv2%2Ftags&post=10853"}],"curies":[{"name":"wp","href":"https:\/\/api.w.org\/{rel}","templated":true}]}}