{"id":10780,"date":"2020-08-28T18:30:46","date_gmt":"2020-08-29T00:30:46","guid":{"rendered":"https:\/\/informativoelvalledeaguascalientes.online\/?p=10780"},"modified":"2020-08-28T18:30:46","modified_gmt":"2020-08-29T00:30:46","slug":"sector-salud-exhorta-a-sociedad-aguascalentense-de-proteger-a-las-personas-de-la-tercera-edad-de-contagios-por-coronavirus","status":"publish","type":"post","link":"https:\/\/informativoelvalledeaguascalientes.online\/?p=10780","title":{"rendered":"SECTOR SALUD EXHORTA A SOCIEDAD AGUASCALENTENSE DE PROTEGER A LAS PERSONAS DE LA TERCERA EDAD DE CONTAGIOS POR CORONAVIRUS"},"content":{"rendered":"<ul>\n<li dir=\"ltr\">\n<p dir=\"ltr\">Este sector poblacional es considerado como\u00a0 vulnerable al SARS-CoV-2<\/p>\n<\/li>\n<li dir=\"ltr\">\n<p dir=\"ltr\">Contin\u00faa Sector Salud reforzando atenci\u00f3n hospitalaria y capacidad m\u00e9dica para atenci\u00f3n durante la pandemia.<\/p>\n<\/li>\n<\/ul>\n<p>&nbsp;<\/p>\n<p dir=\"ltr\">La Secretar\u00eda de Salud del estado conmina a la poblaci\u00f3n a cuidar de los adultos mayores que habitan en Aguascalientes, pues no s\u00f3lo se requiere intensificar las medidas preventivas para evitar contagios por SARS-CoV-2, sino tambi\u00e9n procurarles una alimentaci\u00f3n balanceada que fortalezca su sistema inmunol\u00f3gico y respiratorio, pr\u00e1ctica de actividad f\u00edsica, y principalmente, evitar exponerlos en reuniones sociales o que acudan a espacios con gran afluencia.<\/p>\n<p>&nbsp;<\/p>\n<p dir=\"ltr\">Este llamado lo reitera el ISSEA a fin de cortar la cadena de contagios, buscando evitar que los adultos mayores est\u00e9n expuestos al virus, ya que son considerados como poblaci\u00f3n vulnerable.<\/p>\n<p>&nbsp;<\/p>\n<p dir=\"ltr\">En lo que refiere al informe t\u00e9cnico diario, se registraron 232 nuevos casos que dieron negativo tras su prueba PCR -acumulando ya 17 mil 73-, 70 personas m\u00e1s diagnosticadas como positivo -teniendo 6 mil 958-, 239 en espera de un resultado por parte del Laboratorio estatal, as\u00ed como lamentablemente 10 decesos -contabilizando un total de 436-.<\/p>\n<p>&nbsp;<\/p>\n<p dir=\"ltr\">Sobre la ocupaci\u00f3n y disponibilidad de camas en el Hospital Hidalgo, el ISSEA reporta una disposici\u00f3n de 128 camas de terapia intensiva y generales, pues de las 200 que existen, s\u00f3lo 72 est\u00e1n ocupadas.<\/p>\n","protected":false},"excerpt":{"rendered":"<p>Este sector poblacional es considerado como\u00a0 vulnerable al SARS-CoV-2 Contin\u00faa Sector Salud reforzando atenci\u00f3n hospitalaria y capacidad m\u00e9dica para atenci\u00f3n durante la pandemia. &nbsp; La Secretar\u00eda de Salud del estado conmina a la poblaci\u00f3n a cuidar de los adultos mayores que habitan en Aguascalientes, pues no s\u00f3lo se requiere intensificar las medidas preventivas para evitar [&hellip;]<\/p>\n","protected":false},"author":1,"featured_media":10781,"comment_status":"closed","ping_status":"open","sticky":false,"template":"","format":"standard","meta":{"advanced_seo_description":"","jetpack_seo_html_title":"","jetpack_seo_noindex":false,"_jetpack_memberships_contains_paid_content":false,"footnotes":"","jetpack_publicize_message":"","jetpack_publicize_feature_enabled":true,"jetpack_social_post_already_shared":true,"jetpack_social_options":{"image_generator_settings":{"template":"highway","default_image_id":0,"font":"","enabled":false},"version":2}},"categories":[21,4],"tags":[22,30],"class_list":["post-10780","post","type-post","status-publish","format-standard","has-post-thumbnail","hentry","category-aguascalientes","category-gobierno-del-estado-aguascalientes","tag-aguascalientes","tag-issea"],"jetpack_publicize_connections":[],"jetpack_featured_media_url":"https:\/\/i0.wp.com\/informativoelvalledeaguascalientes.online\/wp-content\/uploads\/2020\/08\/issea_covid_28082020.jpg?fit=352%2C625&ssl=1","jetpack-related-posts":[],"jetpack_sharing_enabled":true,"jetpack_likes_enabled":true,"_links":{"self":[{"href":"https:\/\/informativoelvalledeaguascalientes.online\/index.php?rest_route=\/wp\/v2\/posts\/10780","targetHints":{"allow":["GET"]}}],"collection":[{"href":"https:\/\/informativoelvalledeaguascalientes.online\/index.php?rest_route=\/wp\/v2\/posts"}],"about":[{"href":"https:\/\/informativoelvalledeaguascalientes.online\/index.php?rest_route=\/wp\/v2\/types\/post"}],"author":[{"embeddable":true,"href":"https:\/\/informativoelvalledeaguascalientes.online\/index.php?rest_route=\/wp\/v2\/users\/1"}],"replies":[{"embeddable":true,"href":"https:\/\/informativoelvalledeaguascalientes.online\/index.php?rest_route=%2Fwp%2Fv2%2Fcomments&post=10780"}],"version-history":[{"count":1,"href":"https:\/\/informativoelvalledeaguascalientes.online\/index.php?rest_route=\/wp\/v2\/posts\/10780\/revisions"}],"predecessor-version":[{"id":10782,"href":"https:\/\/informativoelvalledeaguascalientes.online\/index.php?rest_route=\/wp\/v2\/posts\/10780\/revisions\/10782"}],"wp:featuredmedia":[{"embeddable":true,"href":"https:\/\/informativoelvalledeaguascalientes.online\/index.php?rest_route=\/wp\/v2\/media\/10781"}],"wp:attachment":[{"href":"https:\/\/informativoelvalledeaguascalientes.online\/index.php?rest_route=%2Fwp%2Fv2%2Fmedia&parent=10780"}],"wp:term":[{"taxonomy":"category","embeddable":true,"href":"https:\/\/informativoelvalledeaguascalientes.online\/index.php?rest_route=%2Fwp%2Fv2%2Fcategories&post=10780"},{"taxonomy":"post_tag","embeddable":true,"href":"https:\/\/informativoelvalledeaguascalientes.online\/index.php?rest_route=%2Fwp%2Fv2%2Ftags&post=10780"}],"curies":[{"name":"wp","href":"https:\/\/api.w.org\/{rel}","templated":true}]}}