{"id":10774,"date":"2020-08-28T18:26:59","date_gmt":"2020-08-29T00:26:59","guid":{"rendered":"https:\/\/informativoelvalledeaguascalientes.online\/?p=10774"},"modified":"2020-08-28T18:26:59","modified_gmt":"2020-08-29T00:26:59","slug":"las-abuelas-y-los-abuelos-calvillenses-son-fuente-de-conocimiento-y-afecto-para-la-sociedad-adan-valdivia-lopez","status":"publish","type":"post","link":"https:\/\/informativoelvalledeaguascalientes.online\/?p=10774","title":{"rendered":"Las abuelas y los abuelos calvillenses son fuente de conocimiento y afecto para la sociedad: Ad\u00e1n Valdivia L\u00f3pez"},"content":{"rendered":"<p style=\"font-weight: 400;\">Durante la visita al Club de Abuelos en la comunidad de San Tadeo, en el marco del Mes del Abuelo, el presidente municipal de Calvillo, Ad\u00e1n Valdivia L\u00f3pez, reafirm\u00f3 su compromiso de apoyar a los adultos mayores a pesar de los tiempos dif\u00edciles que se viven en la actualidad.<\/p>\n<p style=\"font-weight: 400;\">Para el Gobierno Municipal de Calvillo, las abuelas y los abuelos calvillenses, son una prioridad, una fuente de conocimiento y afecto de inmenso valor para la sociedad. Por tal motivo es que, Ad\u00e1n Valdivia L\u00f3pez, les inform\u00f3 que las distintas dependencias que atienden sus necesidades y peticiones se encuentran redoblando esfuerzos para que ning\u00fan adulto mayor en el municipio se quede sin un beneficio.<\/p>\n<p style=\"font-weight: 400;\">Mar\u00eda Ru\u00edz Velasco, de 78 a\u00f1os y vecina de San Tadeo, agradeci\u00f3 a Ad\u00e1n Valdivia L\u00f3pez y a su esposa y presidenta del DIF, Ana Iselda Guti\u00e9rrez Calvillo, por su acercamiento y apoyos que han recibido durante esta gesti\u00f3n. Adem\u00e1s invit\u00f3 a otros abuelos a que se sumen a los clubes del abuelo y se diviertan con todas las actividades que ah\u00ed ofrecen, como jugar loter\u00eda, cantar, tejer, hacer manualidades, entre otros.<\/p>\n","protected":false},"excerpt":{"rendered":"<p>Durante la visita al Club de Abuelos en la comunidad de San Tadeo, en el marco del Mes del Abuelo, el presidente municipal de Calvillo, Ad\u00e1n Valdivia L\u00f3pez, reafirm\u00f3 su compromiso de apoyar a los adultos mayores a pesar de los tiempos dif\u00edciles que se viven en la actualidad. Para el Gobierno Municipal de Calvillo, [&hellip;]<\/p>\n","protected":false},"author":1,"featured_media":10775,"comment_status":"closed","ping_status":"open","sticky":false,"template":"","format":"standard","meta":{"advanced_seo_description":"","jetpack_seo_html_title":"","jetpack_seo_noindex":false,"_jetpack_memberships_contains_paid_content":false,"footnotes":"","jetpack_publicize_message":"","jetpack_publicize_feature_enabled":true,"jetpack_social_post_already_shared":true,"jetpack_social_options":{"image_generator_settings":{"template":"highway","default_image_id":0,"font":"","enabled":false},"version":2}},"categories":[21,13],"tags":[22,29],"class_list":["post-10774","post","type-post","status-publish","format-standard","has-post-thumbnail","hentry","category-aguascalientes","category-calvillo-aguascalientes","tag-aguascalientes","tag-calvillo-aguascalientes"],"jetpack_publicize_connections":[],"jetpack_featured_media_url":"https:\/\/i0.wp.com\/informativoelvalledeaguascalientes.online\/wp-content\/uploads\/2020\/08\/calvillo_abuelos_28082020.jpg?fit=938%2C625&ssl=1","jetpack-related-posts":[],"jetpack_sharing_enabled":true,"jetpack_likes_enabled":true,"_links":{"self":[{"href":"https:\/\/informativoelvalledeaguascalientes.online\/index.php?rest_route=\/wp\/v2\/posts\/10774","targetHints":{"allow":["GET"]}}],"collection":[{"href":"https:\/\/informativoelvalledeaguascalientes.online\/index.php?rest_route=\/wp\/v2\/posts"}],"about":[{"href":"https:\/\/informativoelvalledeaguascalientes.online\/index.php?rest_route=\/wp\/v2\/types\/post"}],"author":[{"embeddable":true,"href":"https:\/\/informativoelvalledeaguascalientes.online\/index.php?rest_route=\/wp\/v2\/users\/1"}],"replies":[{"embeddable":true,"href":"https:\/\/informativoelvalledeaguascalientes.online\/index.php?rest_route=%2Fwp%2Fv2%2Fcomments&post=10774"}],"version-history":[{"count":1,"href":"https:\/\/informativoelvalledeaguascalientes.online\/index.php?rest_route=\/wp\/v2\/posts\/10774\/revisions"}],"predecessor-version":[{"id":10776,"href":"https:\/\/informativoelvalledeaguascalientes.online\/index.php?rest_route=\/wp\/v2\/posts\/10774\/revisions\/10776"}],"wp:featuredmedia":[{"embeddable":true,"href":"https:\/\/informativoelvalledeaguascalientes.online\/index.php?rest_route=\/wp\/v2\/media\/10775"}],"wp:attachment":[{"href":"https:\/\/informativoelvalledeaguascalientes.online\/index.php?rest_route=%2Fwp%2Fv2%2Fmedia&parent=10774"}],"wp:term":[{"taxonomy":"category","embeddable":true,"href":"https:\/\/informativoelvalledeaguascalientes.online\/index.php?rest_route=%2Fwp%2Fv2%2Fcategories&post=10774"},{"taxonomy":"post_tag","embeddable":true,"href":"https:\/\/informativoelvalledeaguascalientes.online\/index.php?rest_route=%2Fwp%2Fv2%2Ftags&post=10774"}],"curies":[{"name":"wp","href":"https:\/\/api.w.org\/{rel}","templated":true}]}}