{"id":10771,"date":"2020-08-28T18:25:15","date_gmt":"2020-08-29T00:25:15","guid":{"rendered":"https:\/\/informativoelvalledeaguascalientes.online\/?p=10771"},"modified":"2020-08-28T18:25:15","modified_gmt":"2020-08-29T00:25:15","slug":"fortalecimiento-en-el-cde-del-pri-aguascalientes-con-los-nuevos-nombramientos-en-las-secretarias","status":"publish","type":"post","link":"https:\/\/informativoelvalledeaguascalientes.online\/?p=10771","title":{"rendered":"FORTALECIMIENTO EN EL CDE DEL PRI AGUASCALIENTES CON LOS  NUEVOS NOMBRAMIENTOS EN LAS SECRETAR\u00cdAS"},"content":{"rendered":"<p style=\"font-weight: 400;\">La Dirigencia Estatal del Comit\u00e9 Directivo del PRI, encabezada por Herminio Ventura Rodr\u00edguez y Leslie Atilano Tapia, Presidente y Secretaria General respectivamente, dieron a conocer los nombramientos de los Secretarios que formar\u00e1n parte de las carteras del Revolucionario Institucional.<\/p>\n<p style=\"font-weight: 400;\">\n<p style=\"font-weight: 400;\">La Secretaria General, Leslie Atilano mencion\u00f3 a los titulares de la Secretar\u00edas del CDE del PRI en Aguascalientes.<\/p>\n<p style=\"font-weight: 400;\">\n<p style=\"font-weight: 400;\">En la Secretar\u00eda Adjunta a la presidencia del CDE del PRI, se integran Citlalli Rodr\u00edguez y Pilar Moreno Montoya.<\/p>\n<p style=\"font-weight: 400;\">\n<p style=\"font-weight: 400;\">Eduardo Hern\u00e1ndez Tavera, en la Secretar\u00eda de Organizaci\u00f3n; Francisco Guel Sosa, en la Secretar\u00eda de Operaci\u00f3n Pol\u00edtica; Javier Rangel Ba\u00f1uelos en la Secretar\u00eda de Acci\u00f3n Electoral; Omar Mendoza Sanabria, en la Secretar\u00eda de Finanzas y Administraci\u00f3n; Brandon Cardona Mej\u00eda, Secretar\u00eda Jur\u00eddica y de Transparencia; Estefany Aceves Garc\u00eda, Secretar\u00eda de Asuntos Migratorios; Lety \u00c1vila Moreno Secretar\u00eda de Vinculaci\u00f3n de la Sociedad Civil, Israel Tagosam Salazar Imamura, Secretar\u00eda de Vinculaci\u00f3n Empresarial y Emprendimiento; Angelica Flores Secretar\u00eda de Vinculaci\u00f3n con Instituciones de Educaci\u00f3n, Nestor Camacho Mauricio, Secretar\u00eda de Vinculaci\u00f3n para Personas con Discapacidad, Gustavo Alejandro Mac\u00edas Esqueda, Secretar\u00eda de Comunicaci\u00f3n Institucional; Rogelio Ram\u00edrez Soto, Secretar\u00eda de Vinculaci\u00f3n Legislativa; Mar\u00eda del Refugio Cuevas, Secretar\u00eda de Atenci\u00f3n a los Adultos Mayores; Secretar\u00eda de Innovaci\u00f3n y Participaci\u00f3n Digital, Daniel Gallegos Mac\u00edas; Celia Janet P\u00e9rez Regalado, Coordinaci\u00f3n de Relaciones P\u00fablicas; Martha Gamboa Hern\u00e1ndez en la Secretar\u00eda T\u00e9cnica; Miguel Romo Reynoso en la Coordinaci\u00f3n de Estrategias.<\/p>\n<p style=\"font-weight: 400;\"><strong>\u00a0<\/strong><\/p>\n<p style=\"font-weight: 400;\"><strong>PROCESO DE RENOVACI\u00d3N DEL CONSEJO POL\u00cdTICO ESTATAL<\/strong><\/p>\n<p style=\"font-weight: 400;\">\n<p style=\"font-weight: 400;\">Por su parte el presidente de la Comisi\u00f3n Estatal de Procesos Internos (CEPI), Francisco Ram\u00edrez Mart\u00ednez, inform\u00f3 la conclusi\u00f3n del proceso de renovaci\u00f3n del Consejo Pol\u00edtico Estatal, detallando las etapas y actividades del \u00f3rgano facultado para organizar, conducir y validar los procesos para la elecci\u00f3n de dirigentes del partido y selecci\u00f3n de candidatos.<\/p>\n<p style=\"font-weight: 400;\">\n<p style=\"font-weight: 400;\">Tras la convocatoria de renovaci\u00f3n de dicho consejo emitida desde el 29 de julio por parte del CEN del PRI, se agotaron satisfactoriamente las etapas del proceso.<\/p>\n<p style=\"font-weight: 400;\">\n<p style=\"font-weight: 400;\">Les corresponde por estatuto estar en el Consejo Pol\u00edtico Estatal a los titulares de la presidencia y secretaria general, a los exgobernadores, a los ex titulares de la presidencia del CDE, legisladoras y legisladores federales y locales, los titulares de presidencia y secretaria general de la Fundaci\u00f3n Colosio, Reyes Heroles y Movimiento Territorial PRI, adem\u00e1s de los 11 presidentes de los Comit\u00e9s Municipales del PRI.<\/p>\n<p style=\"font-weight: 400;\">\n<p style=\"font-weight: 400;\">Por parte de los sectores y organizaciones del PRI, se expidi\u00f3 la convocatoria para la elecci\u00f3n de los 18 Consejeros Presidentes de los Comit\u00e9s Seccionales, 1 por cada municipio y 8 por Aguascalientes con dictamen satisfactorio.<\/p>\n<p style=\"font-weight: 400;\">\n<p style=\"font-weight: 400;\">Finalmente, de acuerdo a la convocatoria la CEPI, se recibi\u00f3 el registro de la planilla \u00fanica territorial con dictamen procedente de los 120 consejeros territoriales: 40 mujeres y 40 hombres mayores de 35 a\u00f1os, 20 mujeres y 20 hombres menores de 35 a\u00f1os, dando un total de 240 nuevos consejeros pol\u00edticos.<\/p>\n<p style=\"font-weight: 400;\">\n<p style=\"font-weight: 400;\">Por cuestiones de la contingencia sanitaria del Coronavirus y las restricciones sanitarias, rendir\u00e1n protesta en breve de manera virtual en la que el dirigente nacional del PRI, Alejandro Moreno C\u00e1rdenas les tomar\u00e1 protesta para el periodo estatutario 2020-2023.<\/p>\n<p style=\"font-weight: 400;\">\n<p style=\"font-weight: 400;\">\n","protected":false},"excerpt":{"rendered":"<p>La Dirigencia Estatal del Comit\u00e9 Directivo del PRI, encabezada por Herminio Ventura Rodr\u00edguez y Leslie Atilano Tapia, Presidente y Secretaria General respectivamente, dieron a conocer los nombramientos de los Secretarios que formar\u00e1n parte de las carteras del Revolucionario Institucional. La Secretaria General, Leslie Atilano mencion\u00f3 a los titulares de la Secretar\u00edas del CDE del PRI [&hellip;]<\/p>\n","protected":false},"author":1,"featured_media":10772,"comment_status":"closed","ping_status":"open","sticky":false,"template":"","format":"standard","meta":{"advanced_seo_description":"","jetpack_seo_html_title":"","jetpack_seo_noindex":false,"_jetpack_memberships_contains_paid_content":false,"footnotes":"","jetpack_publicize_message":"","jetpack_publicize_feature_enabled":true,"jetpack_social_post_already_shared":true,"jetpack_social_options":{"image_generator_settings":{"template":"highway","default_image_id":0,"font":"","enabled":false},"version":2}},"categories":[21,19,6,9],"tags":[22,33],"class_list":["post-10771","post","type-post","status-publish","format-standard","has-post-thumbnail","hentry","category-aguascalientes","category-informacion-general","category-partidos-politicos","category-pri-aguascalientes","tag-aguascalientes","tag-pri-aguascalientes-cde"],"jetpack_publicize_connections":[],"jetpack_featured_media_url":"https:\/\/i0.wp.com\/informativoelvalledeaguascalientes.online\/wp-content\/uploads\/2020\/08\/pri_cde_28082020.jpg?fit=940%2C625&ssl=1","jetpack-related-posts":[],"jetpack_sharing_enabled":true,"jetpack_likes_enabled":true,"_links":{"self":[{"href":"https:\/\/informativoelvalledeaguascalientes.online\/index.php?rest_route=\/wp\/v2\/posts\/10771","targetHints":{"allow":["GET"]}}],"collection":[{"href":"https:\/\/informativoelvalledeaguascalientes.online\/index.php?rest_route=\/wp\/v2\/posts"}],"about":[{"href":"https:\/\/informativoelvalledeaguascalientes.online\/index.php?rest_route=\/wp\/v2\/types\/post"}],"author":[{"embeddable":true,"href":"https:\/\/informativoelvalledeaguascalientes.online\/index.php?rest_route=\/wp\/v2\/users\/1"}],"replies":[{"embeddable":true,"href":"https:\/\/informativoelvalledeaguascalientes.online\/index.php?rest_route=%2Fwp%2Fv2%2Fcomments&post=10771"}],"version-history":[{"count":1,"href":"https:\/\/informativoelvalledeaguascalientes.online\/index.php?rest_route=\/wp\/v2\/posts\/10771\/revisions"}],"predecessor-version":[{"id":10773,"href":"https:\/\/informativoelvalledeaguascalientes.online\/index.php?rest_route=\/wp\/v2\/posts\/10771\/revisions\/10773"}],"wp:featuredmedia":[{"embeddable":true,"href":"https:\/\/informativoelvalledeaguascalientes.online\/index.php?rest_route=\/wp\/v2\/media\/10772"}],"wp:attachment":[{"href":"https:\/\/informativoelvalledeaguascalientes.online\/index.php?rest_route=%2Fwp%2Fv2%2Fmedia&parent=10771"}],"wp:term":[{"taxonomy":"category","embeddable":true,"href":"https:\/\/informativoelvalledeaguascalientes.online\/index.php?rest_route=%2Fwp%2Fv2%2Fcategories&post=10771"},{"taxonomy":"post_tag","embeddable":true,"href":"https:\/\/informativoelvalledeaguascalientes.online\/index.php?rest_route=%2Fwp%2Fv2%2Ftags&post=10771"}],"curies":[{"name":"wp","href":"https:\/\/api.w.org\/{rel}","templated":true}]}}