{"id":10747,"date":"2020-08-27T20:11:07","date_gmt":"2020-08-28T02:11:07","guid":{"rendered":"https:\/\/informativoelvalledeaguascalientes.online\/?p=10747"},"modified":"2020-08-27T20:11:07","modified_gmt":"2020-08-28T02:11:07","slug":"invita-cdhea-a-reflexionar-sobre-los-derechos-de-los-adultos-mayores","status":"publish","type":"post","link":"https:\/\/informativoelvalledeaguascalientes.online\/?p=10747","title":{"rendered":"Invita CDHEA a reflexionar sobre los derechos de los adultos mayores"},"content":{"rendered":"<p style=\"font-weight: 400;\">\n<p style=\"font-weight: 400;\">Este 28 de agosto se celebra en M\u00e9xico el D\u00eda del Abuelo o D\u00eda de los Abuelos, una fecha que brinda la oportunidad para reflexionar en torno a los Derechos Humanos de las personas que tienen 60 a\u00f1os de edad o m\u00e1s.<\/p>\n<p style=\"font-weight: 400;\">\n<p style=\"font-weight: 400;\">La evoluci\u00f3n del Derecho Internacional de los Derechos Humanos ha concedido mayor importancia a la utilizaci\u00f3n del lenguaje incluyente y no discriminatorio, por lo cual en lugar de llamarle a este sector de la poblaci\u00f3n \u2013anciano\/ancianidad- se prefiere el t\u00e9rmino -personas mayores o adultos mayores-.<\/p>\n<p style=\"font-weight: 400;\">\n<p style=\"font-weight: 400;\">En general, los adultos mayores gozan de la protecci\u00f3n establecida en la Declaraci\u00f3n Universal de Derechos Humanos; Convenci\u00f3n Americana sobre Derechos Humanos; Pacto Internacional de Derechos Econ\u00f3micos, Sociales y Culturales; Pacto Internacional de Derechos Civiles y Pol\u00edticos; la Recomendaci\u00f3n 162 de la Organizaci\u00f3n Internacional del Trabajo (OIT) sobre los trabajadores de edad; Declaraci\u00f3n sobre la Eliminaci\u00f3n de la Violencia contra la Mujer; y la Convenci\u00f3n Interamericana sobre la Protecci\u00f3n de los Derechos Humanos de las Personas; y el Protocolo de San Salvador respecto a las personas mayores.<\/p>\n<p style=\"font-weight: 400;\">\n<p style=\"font-weight: 400;\">Adem\u00e1s de la protecci\u00f3n de los pactos y convenciones anteriormente citados, en M\u00e9xico cuentan con la Ley de los Derechos de las Personas Adultas Mayores, que garantiza:<\/p>\n<p style=\"font-weight: 400;\">\n<p style=\"font-weight: 400;\">&#8211;\u00a0\u00a0\u00a0\u00a0\u00a0\u00a0\u00a0\u00a0\u00a0\u00a0\u00a0\u00a0\u00a0\u00a0Derecho a la integridad, dignidad y de preferencia. Implican el derecho a recibir protecci\u00f3n del Estado, las familias y la sociedad para tener acceso a una vida de calidad, as\u00ed como al disfrute pleno de sus derechos. Contempla tambi\u00e9n el derecho a una vida libre de violencia.<\/p>\n<p style=\"font-weight: 400;\">\n<p style=\"font-weight: 400;\">&#8211;\u00a0\u00a0\u00a0\u00a0\u00a0\u00a0\u00a0\u00a0\u00a0\u00a0\u00a0\u00a0\u00a0\u00a0A la certeza jur\u00eddica. Recibir un trato digno y apropiado por las autoridades en cualquier proceso jurisdiccional Los DH personas mayores en el que se vean involucrados; su derecho a recibir atenci\u00f3n preferente para la protecci\u00f3n de su patrimonio y a recibir asesor\u00eda jur\u00eddica gratuita.<\/p>\n<p style=\"font-weight: 400;\">\n<p style=\"font-weight: 400;\">&#8211;\u00a0\u00a0\u00a0\u00a0\u00a0\u00a0\u00a0\u00a0\u00a0\u00a0\u00a0\u00a0\u00a0\u00a0A la salud, la alimentaci\u00f3n y la familia. Las personas mayores tienen derecho a recibir los satisfactores necesarios para su atenci\u00f3n integral, incluyendo su acceso preferente a los servicios m\u00e9dicos y a recibir capacitaci\u00f3n y orientaci\u00f3n respecto a su salud, nutrici\u00f3n, higiene y todos aquellos aspectos que favorezcan su cuidado personal.<\/p>\n<p style=\"font-weight: 400;\">\n<p style=\"font-weight: 400;\">&#8211;<\/p>\n<p style=\"font-weight: 400;\">&#8211;\u00a0\u00a0\u00a0\u00a0\u00a0\u00a0\u00a0\u00a0\u00a0\u00a0\u00a0\u00a0\u00a0\u00a0A la educaci\u00f3n. Las personas mayores tienen el derecho preferente de recibirla. El Estado incluir\u00e1 en los programas de estudio informaci\u00f3n actualizada sobre el tema de envejecimiento para su difusi\u00f3n.<\/p>\n<p style=\"font-weight: 400;\">\n<p style=\"font-weight: 400;\">&#8211;\u00a0\u00a0\u00a0\u00a0\u00a0\u00a0\u00a0\u00a0\u00a0\u00a0\u00a0\u00a0\u00a0\u00a0Al trabajo. Las personas mayores tienen derecho de acceso al trabajo o de otras opciones que les permitan un ingreso propio.<\/p>\n<p style=\"font-weight: 400;\">\n<p style=\"font-weight: 400;\">&#8211;\u00a0\u00a0\u00a0\u00a0\u00a0\u00a0\u00a0\u00a0\u00a0\u00a0\u00a0\u00a0\u00a0\u00a0A la asistencia social. En caso de desempleo, discapacidad o p\u00e9rdida de los medios de subsistencia, las personas mayores ser\u00e1n sujetos de asistencia social, y beneficiarios de programas para contar con vivienda, o bien, en caso de encontrarse en situaci\u00f3n de desamparo, recibir atenci\u00f3n integral por parte de casashogar y albergues.<\/p>\n<p style=\"font-weight: 400;\">\n<p style=\"font-weight: 400;\">&#8211;\u00a0\u00a0\u00a0\u00a0\u00a0\u00a0\u00a0\u00a0\u00a0\u00a0\u00a0\u00a0\u00a0\u00a0A la participaci\u00f3n. Implica la posibilidad de intervenir en la formulaci\u00f3n de propuestas y toma de decisiones que afecten directamente su bienestar, barrio, calle, colonia, delegaci\u00f3n o municipio. Asimismo, tendr\u00e1n la libertad de asociarse, participar en procesos productivos, actividades culturales y deportivas, y formar parte de los \u00f3rganos de representaci\u00f3n y consulta ciudadana.<\/p>\n<p style=\"font-weight: 400;\">\n<p style=\"font-weight: 400;\">&#8211;\u00a0\u00a0\u00a0\u00a0\u00a0\u00a0\u00a0\u00a0\u00a0\u00a0\u00a0\u00a0\u00a0\u00a0De la denuncia popular. Cualquier persona, grupo social, organizaciones no gubernamentales, asociaciones o sociedades podr\u00e1n denunciar ante las autoridades competentes cualquier transgresi\u00f3n a los derechos humanos de las personas mayores<\/p>\n<p style=\"font-weight: 400;\">\n<p style=\"font-weight: 400;\">&#8211;\u00a0\u00a0\u00a0\u00a0\u00a0\u00a0\u00a0\u00a0\u00a0\u00a0\u00a0\u00a0\u00a0\u00a0De acceso a los servicios. Mujeres y hombres de 60 a\u00f1os o m\u00e1s tendr\u00e1n derecho a recibir atenci\u00f3n preferente en establecimientos p\u00fablicos y privados que ofrezcan servicios al p\u00fablico, los cuales deber\u00e1n contar con infraestructura que facilite su acceso. Lo anterior aplica tambi\u00e9n para los transportes p\u00fablicos, los cuales deber\u00e1n destinar asientos especiales para su uso exclusivo.<\/p>\n<p style=\"font-weight: 400;\">\n<p style=\"font-weight: 400;\">En este contexto, uno de los objetivos de la Comisi\u00f3n de Derechos Humanos del Estado de Aguascalientes es garantizar y y salvaguardar los derechos humanos de este sector de la poblaci\u00f3n, ofreci\u00e9ndoles cursos y talleres gratuitos para que conozcan sus derechos, adem\u00e1s, se cuenta con personal en el \u00e1rea de Trabajo Social, que otorga asesor\u00eda gratuita a quienes consideren que les ha sido vulnerado un derecho humano por su edad, en el tel\u00e9fono 449 140 78 70.<\/p>\n<p style=\"font-weight: 400;\">\n","protected":false},"excerpt":{"rendered":"<p>Este 28 de agosto se celebra en M\u00e9xico el D\u00eda del Abuelo o D\u00eda de los Abuelos, una fecha que brinda la oportunidad para reflexionar en torno a los Derechos Humanos de las personas que tienen 60 a\u00f1os de edad o m\u00e1s. La evoluci\u00f3n del Derecho Internacional de los Derechos Humanos ha concedido mayor importancia [&hellip;]<\/p>\n","protected":false},"author":1,"featured_media":10749,"comment_status":"closed","ping_status":"open","sticky":false,"template":"","format":"standard","meta":{"advanced_seo_description":"","jetpack_seo_html_title":"","jetpack_seo_noindex":false,"_jetpack_memberships_contains_paid_content":false,"footnotes":"","jetpack_publicize_message":"","jetpack_publicize_feature_enabled":true,"jetpack_social_post_already_shared":true,"jetpack_social_options":{"image_generator_settings":{"template":"highway","default_image_id":0,"font":"","enabled":false},"version":2}},"categories":[21,19],"tags":[22,154],"class_list":["post-10747","post","type-post","status-publish","format-standard","has-post-thumbnail","hentry","category-aguascalientes","category-informacion-general","tag-aguascalientes","tag-cdhea"],"jetpack_publicize_connections":[],"jetpack_featured_media_url":"https:\/\/i0.wp.com\/informativoelvalledeaguascalientes.online\/wp-content\/uploads\/2020\/08\/tercera-edad-derechos-humanos.jpg?fit=1024%2C683&ssl=1","jetpack-related-posts":[],"jetpack_sharing_enabled":true,"jetpack_likes_enabled":true,"_links":{"self":[{"href":"https:\/\/informativoelvalledeaguascalientes.online\/index.php?rest_route=\/wp\/v2\/posts\/10747","targetHints":{"allow":["GET"]}}],"collection":[{"href":"https:\/\/informativoelvalledeaguascalientes.online\/index.php?rest_route=\/wp\/v2\/posts"}],"about":[{"href":"https:\/\/informativoelvalledeaguascalientes.online\/index.php?rest_route=\/wp\/v2\/types\/post"}],"author":[{"embeddable":true,"href":"https:\/\/informativoelvalledeaguascalientes.online\/index.php?rest_route=\/wp\/v2\/users\/1"}],"replies":[{"embeddable":true,"href":"https:\/\/informativoelvalledeaguascalientes.online\/index.php?rest_route=%2Fwp%2Fv2%2Fcomments&post=10747"}],"version-history":[{"count":1,"href":"https:\/\/informativoelvalledeaguascalientes.online\/index.php?rest_route=\/wp\/v2\/posts\/10747\/revisions"}],"predecessor-version":[{"id":10750,"href":"https:\/\/informativoelvalledeaguascalientes.online\/index.php?rest_route=\/wp\/v2\/posts\/10747\/revisions\/10750"}],"wp:featuredmedia":[{"embeddable":true,"href":"https:\/\/informativoelvalledeaguascalientes.online\/index.php?rest_route=\/wp\/v2\/media\/10749"}],"wp:attachment":[{"href":"https:\/\/informativoelvalledeaguascalientes.online\/index.php?rest_route=%2Fwp%2Fv2%2Fmedia&parent=10747"}],"wp:term":[{"taxonomy":"category","embeddable":true,"href":"https:\/\/informativoelvalledeaguascalientes.online\/index.php?rest_route=%2Fwp%2Fv2%2Fcategories&post=10747"},{"taxonomy":"post_tag","embeddable":true,"href":"https:\/\/informativoelvalledeaguascalientes.online\/index.php?rest_route=%2Fwp%2Fv2%2Ftags&post=10747"}],"curies":[{"name":"wp","href":"https:\/\/api.w.org\/{rel}","templated":true}]}}